{"id":899,"date":"2010-04-09T19:22:47","date_gmt":"2010-04-09T23:22:47","guid":{"rendered":"http:\/\/www.colegiodentistas.cl\/inicio\/?p=899"},"modified":"2016-02-24T19:23:35","modified_gmt":"2016-02-24T22:23:35","slug":"universidad-finis-terrae-informa-que-su-postitulo-en-cirugia-bucal-comenzara-el-lunes-12-de-abril","status":"publish","type":"post","link":"https:\/\/www.colegiodentistas.cl\/inicio\/2010\/04\/09\/universidad-finis-terrae-informa-que-su-postitulo-en-cirugia-bucal-comenzara-el-lunes-12-de-abril\/","title":{"rendered":"Universidad Finis Terrae informa que su Post\u00edtulo en Cirug\u00eda Bucal comenzar\u00e1 el lunes 12 de abril"},"content":{"rendered":"<div>Los odont\u00f3logos que se inscriban en este diplomado y en los de Cirug\u00eda Periodontal; Odontolog\u00eda Pedi\u00e1trica; Ortodoncia Interceptiva; Rehabilitaci\u00f3n Integral Est\u00e9tica Adhesiva; Gesti\u00f3n y Administraci\u00f3n en Salud Oral y Diagn\u00f3stico en la Filosof\u00eda del Dr. Roth; podr\u00e1n acceder a las becas parciales.<\/div>\n<hr id=\"system-readmore\" \/>\n<p>&nbsp;<\/p>\n<div>El Centro de Formaci\u00f3n Continua de la Universidad Finis Terrae informa a los profesionales asociados al Colegio de Cirujano Dentistas de Chile A.G. que debido a los efectos del terremoto y tsunami se pospuso el inicio del Post\u00edtulo en Cirug\u00eda Bucal para el lunes 12 de abril.<\/p>\n<p>El programa de especializaci\u00f3n integra conocimientos b\u00e1sicos sist\u00e9micos y espec\u00edficos estomatol\u00f3gicos que permitir\u00e1n al especialista, obtener una formaci\u00f3n multidisciplinaria en el \u00e1rea de la cirug\u00eda bucal e implantolog\u00eda. La malla curricular contempla un total de mil doscientas horas directas de docencia con actividades te\u00f3ricas y pr\u00e1cticas que se desarrollar\u00e1n tanto en la Universidad como en los campos cl\u00ednicos.<\/p>\n<p><strong>Director del Programa<\/strong><br \/>\nProf. Dr. Juan Argando\u00f1a<\/p>\n<p>Cirujano Bucal y M\u00e1ximo-Facial \u2013 Hospital Cl\u00ednico San Borja-Arriar\u00e1n<br \/>\nProfesor asistente \u2013 Departamento de Cirug\u00eda de la Facultad de Odontolog\u00eda de la Universidad de Chile.<\/p>\n<p>Profesor encargado del \u00c1rea de Cirug\u00eda Bucal y M\u00e1ximo-Facial de la Facultad de Odontolog\u00eda de la Universidad Finis Terrae.<\/p>\n<p>Miembro del Directorio de la Sociedad de Cirug\u00eda Bucal y M\u00e1xilo-Facial de Chile.<br \/>\nMiembro de la Comisi\u00f3n Evaluadora de la Corporaci\u00f3n Nacional Aut\u00f3noma de Certificaci\u00f3n de Especialidades Odontol\u00f3gicas (CONACEO) en la Especialidad de Cirug\u00eda.<strong><\/p>\n<p>Coordinadora acad\u00e9mica<\/strong><br \/>\nDra. Xenia Granic<\/p>\n<p><strong><u>Programas Odontolog\u00eda 2010<\/u><\/strong><\/p>\n<p><strong>Diplomado Cirug\u00eda Periodontal (10% de Beca)<\/strong><br \/>\nInicio: 23 de abril\u00a0 de 2010 \/ T\u00e9rmino: enero de 2011<\/p>\n<p><strong>Diplomado Odontolog\u00eda Pedi\u00e1trica (10% de Beca)<\/strong><br \/>\nInicio: 23 abril de 2010 \/ T\u00e9rmino: enero de 2011<\/p>\n<p><strong>Diplomado en Ortodoncia Interceptiva (10% de Beca)<\/strong><br \/>\nInicio: 20 de agosto de 2010 \/ T\u00e9rmino: julio de 2011<\/p>\n<p><strong>Diplomado en Rehabilitaci\u00f3n Integral Est\u00e9tica Adhesiva (10% de Beca)<\/strong><br \/>\nInicio: 23 abril de 2010 \/ T\u00e9rmino: noviembre de 2010<\/p>\n<p><strong>Diplomado en Gesti\u00f3n y Administraci\u00f3n en Salud Oral (10% de Beca)<\/strong><br \/>\nInicio: 10 de Junio de 2010 \/ T\u00e9rmino: septiembre de 2010<\/p>\n<p><strong>Diplomado Diagn\u00f3stico en la Filosof\u00eda del Dr. Roth (10% de Beca)<\/strong><br \/>\nInicio: 05 abril de 2010 \/ T\u00e9rmino: septiembre del 2010<\/p>\n<p>(Pre \u2013 requisito de selecci\u00f3n para el Mag\u00edster en Ortodoncia)<\/p>\n<p><strong>Diplomado Metodolog\u00eda de la Investigaci\u00f3n y Bioestad\u00edsticas para Profesionales de la Salud<\/strong><br \/>\nInicio: agosto de 2010<\/p>\n<p><u><strong>Para m\u00e1s informaci\u00f3n:<\/strong><\/u><br \/>\nCarolina Palacios<br \/>\nCentro de Formaci\u00f3n Continua<br \/>\nUniversidad Finis Terrae<br \/>\nTel\u00e9fono: 420 7575<br \/>\nP\u00e1gina Web: www.uft.cl<\/div>\n","protected":false},"excerpt":{"rendered":"<p>Los odont\u00f3logos que se inscriban en este diplomado y en los de Cirug\u00eda Periodontal; Odontolog\u00eda Pedi\u00e1trica; Ortodoncia Interceptiva; Rehabilitaci\u00f3n Integral Est\u00e9tica Adhesiva; Gesti\u00f3n y Administraci\u00f3n en Salud Oral y Diagn\u00f3stico en la Filosof\u00eda del Dr. Roth; podr\u00e1n acceder a las becas parciales. &nbsp; El Centro de Formaci\u00f3n Continua de la Universidad Finis Terrae informa a los profesionales asociados al Colegio de Cirujano Dentistas de Chile A.G. que debido a los efectos del terremoto y tsunami se pospuso el inicio del Post\u00edtulo en Cirug\u00eda Bucal para el lunes 12 de abril. El programa de especializaci\u00f3n integra conocimientos b\u00e1sicos sist\u00e9micos y espec\u00edficos [&hellip;]<\/p>\n","protected":false},"author":1,"featured_media":0,"comment_status":"open","ping_status":"open","sticky":false,"template":"","format":"standard","meta":[],"categories":[13],"tags":[],"_links":{"self":[{"href":"https:\/\/www.colegiodentistas.cl\/inicio\/wp-json\/wp\/v2\/posts\/899"}],"collection":[{"href":"https:\/\/www.colegiodentistas.cl\/inicio\/wp-json\/wp\/v2\/posts"}],"about":[{"href":"https:\/\/www.colegiodentistas.cl\/inicio\/wp-json\/wp\/v2\/types\/post"}],"author":[{"embeddable":true,"href":"https:\/\/www.colegiodentistas.cl\/inicio\/wp-json\/wp\/v2\/users\/1"}],"replies":[{"embeddable":true,"href":"https:\/\/www.colegiodentistas.cl\/inicio\/wp-json\/wp\/v2\/comments?post=899"}],"version-history":[{"count":1,"href":"https:\/\/www.colegiodentistas.cl\/inicio\/wp-json\/wp\/v2\/posts\/899\/revisions"}],"predecessor-version":[{"id":900,"href":"https:\/\/www.colegiodentistas.cl\/inicio\/wp-json\/wp\/v2\/posts\/899\/revisions\/900"}],"wp:attachment":[{"href":"https:\/\/www.colegiodentistas.cl\/inicio\/wp-json\/wp\/v2\/media?parent=899"}],"wp:term":[{"taxonomy":"category","embeddable":true,"href":"https:\/\/www.colegiodentistas.cl\/inicio\/wp-json\/wp\/v2\/categories?post=899"},{"taxonomy":"post_tag","embeddable":true,"href":"https:\/\/www.colegiodentistas.cl\/inicio\/wp-json\/wp\/v2\/tags?post=899"}],"curies":[{"name":"wp","href":"https:\/\/api.w.org\/{rel}","templated":true}]}}