{"id":6689999,"date":"2020-12-05T14:25:07","date_gmt":"2020-12-05T17:25:07","guid":{"rendered":"http:\/\/www.colegiodentistas.cl\/inicio\/?p=6689999"},"modified":"2020-12-05T14:54:41","modified_gmt":"2020-12-05T17:54:41","slug":"saca-la-lengua-en-el-dia-latinoamericano-de-la-lucha-contra-el-cancer-oral-recordamos-que-es-clave-la-prevencion-y-deteccion-temprana","status":"publish","type":"post","link":"https:\/\/www.colegiodentistas.cl\/inicio\/2020\/12\/05\/saca-la-lengua-en-el-dia-latinoamericano-de-la-lucha-contra-el-cancer-oral-recordamos-que-es-clave-la-prevencion-y-deteccion-temprana\/","title":{"rendered":"En el D\u00eda Latinoamericano de la Lucha Contra el C\u00e1ncer Bucal recordamos que es clave la prevenci\u00f3n y detecci\u00f3n temprana"},"content":{"rendered":"\n<p>Crear conciencia en la poblaci\u00f3n en torno a\nlos riesgos del c\u00e1ncer bucal y los beneficios de la detecci\u00f3n temprana, son\nalgunos de los objetivos de la campa\u00f1a Saca la lengua, Prev\u00e9n el C\u00e1ncer Oral.<\/p>\n\n\n\n<p>La Federaci\u00f3n Odontol\u00f3gica Latinoamericana (FOLA) estableci\u00f3 el 5 de diciembre de cada a\u00f1o como el D\u00eda Latinoamericano de la Lucha Contra el C\u00e1ncer Bucal.<\/p>\n\n\n\n<p>En nuestro pa\u00eds, desde 2011 un grupo de\nprofesionales impulsa la campa\u00f1a Saca la lengua, que ha alcanzado\nreconocimiento a nivel nacional e internacional, con presencia en Paraguay,\nM\u00e9xico, Per\u00fa, Guatemala, Brasil, Ecuador, Rep\u00fablica Dominicana y Venezuela con\nproyecciones de llegar a cada rinc\u00f3n de nuestro continente.<\/p>\n\n\n\n<p>El Dr. Patricio Rubio Palma, pat\u00f3logo oral del Hospital Cl\u00ednico Regional de Concepci\u00f3n Dr. Guillermo Grant Benavente, coordinador de estrategia de telepatolog\u00eda oral del Servicio de Salud Concepci\u00f3n y coordinador de Saca la lengua, convers\u00f3 con nosotros sobre el c\u00e1ncer oral y la campa\u00f1a, que en el sitio web <a href=\"https:\/\/www.previenecanceroral.cl\/\" target=\"_blank\" rel=\"noreferrer noopener\" aria-label=\"www.previenecanceroral.cl (opens in a new tab)\">www.previenecanceroral.cl<\/a> entrega un paso a paso para que todas y todos realicen su autoexamen.<\/p>\n\n\n\n<p><strong>\u00bfQu\u00e9 es el c\u00e1ncer oral?&nbsp;<\/strong><\/p>\n\n\n\n<p><em>Si bien existen muchos tipos de c\u00e1ncer que pueden afectar a la boca (gl\u00e1ndulas salivales, \u00f3seas y otros tejidos), el 90% de estos casos derivan del epitelio de mucosa oral (carcinoma espinocelular), que es un tipo de tumor que tiene capacidad de generar met\u00e1stasis, de gran invasividad y mal pron\u00f3stico por el diagn\u00f3stico tard\u00edo. <\/em><\/p>\n\n\n\n<p><strong>\u00bfCu\u00e1l es la prevalencia? \u00bfQu\u00e9 dicen las cifras?&nbsp;<\/strong><\/p>\n\n\n\n<p><em>El c\u00e1ncer oral se encuentra entre los 11 c\u00e1nceres m\u00e1s comunes en hombres en el mundo. En el caso de las mujeres la incidencia es mucho menor, la mitad que los hombres. En la regi\u00f3n de las Am\u00e9ricas, la incidencia del c\u00e1ncer bucal es incluso m\u00e1s alta que la incidencia mundial. <\/em><\/p>\n\n\n\n<p><em>En Chile la mayor incidencia de c\u00e1ncer en hombres es el de pr\u00f3stata. El c\u00e1ncer oral se sit\u00faa en el lugar 17 con una incidencia de 3,2 por 100.000 habitantes (incluye el c\u00e1ncer de faringe). En el caso de las mujeres, es el c\u00e1ncer de mama el que presenta la mayor incidencia, En el caso del c\u00e1ncer oral y far\u00edngeo es de 1,2, situ\u00e1ndose en el lugar 22 entre los c\u00e1nceres m\u00e1s comunes.<\/em><\/p>\n\n\n\n<p><strong>\u00bfC\u00f3mo se puede prevenir?&nbsp;<\/strong><\/p>\n\n\n\n<p><em>Son conocidos los principales factores de riesgo del c\u00e1ncer oral, por lo que debemos fomentar estilos de vida saludable. Las recomendaciones a los pacientes deben ir orientadas al cese del h\u00e1bito tab\u00e1quico, reducci\u00f3n del consumo de alcohol, llevar una dieta rica en frutas y verduras, medidas de fotoprotecci\u00f3n para la piel y los labios, hidrataci\u00f3n adecuada, realizar un autoexamen bucal una vez al mes y visitar su odont\u00f3logo cada 6 meses. Se ha se\u00f1alado que, si solo logr\u00e1ramos evitar el consumo de tabaco y reducir el consumo de alcohol, lograr\u00edamos prevenir el 85 % de los casos de c\u00e1ncer oral en el mundo. <\/em><\/p>\n\n\n\n<p><strong>\u00bfCu\u00e1ndo se debe consultar? \u00bfA qu\u00e9 especialista <\/strong><strong>hay que ir?<\/strong><\/p>\n\n\n\n<p><em>Es fundamental educar a la poblaci\u00f3n sobre los signos de alerta, estos son:<\/em><\/p>\n\n\n\n<ul><li><em>Una \u00falcera (herida) que no cicatriza en m\u00e1s de 15 d\u00edas. <\/em><\/li><li><em>Cambios de color como \u00e1reas blancas (Leucoplasia) o rojas (Eritoplasia) o mezcla de ambas.<\/em><\/li><li><em>Cambio de forma y consistencia en la lengua.<\/em><\/li><li><em>Dificultades para mover la lengua.<\/em><\/li><li><em>Dificultades para masticar o tragar.<\/em><\/li><li><em>Un aumento de volumen en la boca o en el cuello.<\/em><\/li><\/ul>\n\n\n\n<p><em>Si se detecta una lesi\u00f3n sospechosa, es el odont\u00f3logo el profesional capacitado para una evaluaci\u00f3n y derivaci\u00f3n oportuna al especialista en patolog\u00eda oral o al cirujano maxilofacial.<\/em><\/p>\n\n\n\n<p><strong>\u00bfC\u00f3mo y cu\u00e1ndo surge la campa\u00f1a Saca la lengua?<\/strong><\/p>\n\n\n\n<p><em>El c\u00e1ncer oral constituye un problema de salud p\u00fablica, que genera en el paciente secuelas funcionales, est\u00e9ticas, psicol\u00f3gicas y econ\u00f3micas que impactan no s\u00f3lo a la persona afectada, sino tambi\u00e9n a su entorno familiar, equipo de salud y sociedad en general. Es una patolog\u00eda con altos \u00edndices de mortalidad debido a su diagn\u00f3stico tard\u00edo por el gran desconocimiento de la poblaci\u00f3n sobre esta enfermedad, estos son los principales motivos que llevaron a desarrollar la campa\u00f1a Saca la lengua, Prev\u00e9n el C\u00e1ncer Oral.<\/em><\/p>\n\n\n\n<p><em>El objetivo de la campa\u00f1a es crear conciencia en la poblaci\u00f3n, considerando como principales factores de riesgo el consumo de tabaco y alcohol en el desarrollo del c\u00e1ncer oral. Tambi\u00e9n llamamos a incentivar el autoexamen oral, que las personas sepan reconocer lesiones sospechosas, permitiendo as\u00ed el diagn\u00f3stico temprano, mejorando el pron\u00f3stico de esta enfermedad, e incentivando a la poblaci\u00f3n a la visita oportuna con el odont\u00f3logo, profesional capacitado para la orientaci\u00f3n en el diagn\u00f3stico.<\/em><\/p>\n\n\n\n<p><em>El t\u00edtulo de la Campa\u00f1a Saca la lengua, Prev\u00e9n el C\u00e1ncer Oral, hace alusi\u00f3n a lo f\u00e1cil y accesible que es realizar la autoexploraci\u00f3n de la boca y as\u00ed favorecer la detecci\u00f3n temprana de la enfermedad (uno de los puntos de autoexamen oral consiste en sacar la lengua). Se\u00f1alar adem\u00e1s que es el borde de la lengua, la ubicaci\u00f3n m\u00e1s frecuente de esta patolog\u00eda. <\/em><\/p>\n\n\n\n<p><em>El trabajo realizado por la campa\u00f1a se resume en el desarrollo de material educativo propio (afiches, volantes, redes sociales y videos), en la ejecuci\u00f3n de m\u00e1s de 300 actividades en terreno a lo largo de Chile y Latinoam\u00e9rica. Tambi\u00e9n se han entregado m\u00e1s de 150.000 d\u00edpticos y afiches educativos en centros de salud de Chile y Latinoam\u00e9rica. Han sido muy importantes los apoyos en la difusi\u00f3n de la campa\u00f1a, entre los que destacamos al Colegio de Cirujano Dentistas de Chile y el nexo generado con FOLA desde hace unos a\u00f1os. <\/em><\/p>\n\n\n\n<figure class=\"wp-block-image size-large\"><img loading=\"lazy\" width=\"663\" height=\"1024\" src=\"https:\/\/www.colegiodentistas.cl\/inicio\/wp-content\/uploads\/2020\/12\/Saca-la-lengua-prevenci\u00f3n-663x1024.png\" alt=\"\" class=\"wp-image-6690787\" srcset=\"https:\/\/www.colegiodentistas.cl\/inicio\/wp-content\/uploads\/2020\/12\/Saca-la-lengua-prevenci\u00f3n-663x1024.png 663w, https:\/\/www.colegiodentistas.cl\/inicio\/wp-content\/uploads\/2020\/12\/Saca-la-lengua-prevenci\u00f3n-194x300.png 194w, https:\/\/www.colegiodentistas.cl\/inicio\/wp-content\/uploads\/2020\/12\/Saca-la-lengua-prevenci\u00f3n-768x1187.png 768w, https:\/\/www.colegiodentistas.cl\/inicio\/wp-content\/uploads\/2020\/12\/Saca-la-lengua-prevenci\u00f3n-994x1536.png 994w, https:\/\/www.colegiodentistas.cl\/inicio\/wp-content\/uploads\/2020\/12\/Saca-la-lengua-prevenci\u00f3n-1325x2048.png 1325w, https:\/\/www.colegiodentistas.cl\/inicio\/wp-content\/uploads\/2020\/12\/Saca-la-lengua-prevenci\u00f3n-65x100.png 65w, https:\/\/www.colegiodentistas.cl\/inicio\/wp-content\/uploads\/2020\/12\/Saca-la-lengua-prevenci\u00f3n-400x618.png 400w, https:\/\/www.colegiodentistas.cl\/inicio\/wp-content\/uploads\/2020\/12\/Saca-la-lengua-prevenci\u00f3n-324x500.png 324w, https:\/\/www.colegiodentistas.cl\/inicio\/wp-content\/uploads\/2020\/12\/Saca-la-lengua-prevenci\u00f3n.png 1500w\" sizes=\"(max-width: 663px) 100vw, 663px\" \/><\/figure>\n","protected":false},"excerpt":{"rendered":"<p>Crear conciencia en la poblaci\u00f3n en torno a los riesgos del c\u00e1ncer bucal y los beneficios de la detecci\u00f3n temprana, son algunos de los objetivos de la campa\u00f1a Saca la lengua, Prev\u00e9n el C\u00e1ncer Oral. La Federaci\u00f3n Odontol\u00f3gica Latinoamericana (FOLA) estableci\u00f3 el 5 de diciembre de cada a\u00f1o como el D\u00eda Latinoamericano de la Lucha Contra el C\u00e1ncer Bucal. En nuestro pa\u00eds, desde 2011 un grupo de profesionales impulsa la campa\u00f1a Saca la lengua, que ha alcanzado reconocimiento a nivel nacional e internacional, con presencia en Paraguay, M\u00e9xico, Per\u00fa, Guatemala, Brasil, Ecuador, Rep\u00fablica Dominicana y Venezuela con proyecciones de llegar [&hellip;]<\/p>\n","protected":false},"author":7,"featured_media":6691129,"comment_status":"closed","ping_status":"closed","sticky":false,"template":"","format":"standard","meta":[],"categories":[5,3],"tags":[],"_links":{"self":[{"href":"https:\/\/www.colegiodentistas.cl\/inicio\/wp-json\/wp\/v2\/posts\/6689999"}],"collection":[{"href":"https:\/\/www.colegiodentistas.cl\/inicio\/wp-json\/wp\/v2\/posts"}],"about":[{"href":"https:\/\/www.colegiodentistas.cl\/inicio\/wp-json\/wp\/v2\/types\/post"}],"author":[{"embeddable":true,"href":"https:\/\/www.colegiodentistas.cl\/inicio\/wp-json\/wp\/v2\/users\/7"}],"replies":[{"embeddable":true,"href":"https:\/\/www.colegiodentistas.cl\/inicio\/wp-json\/wp\/v2\/comments?post=6689999"}],"version-history":[{"count":5,"href":"https:\/\/www.colegiodentistas.cl\/inicio\/wp-json\/wp\/v2\/posts\/6689999\/revisions"}],"predecessor-version":[{"id":6691342,"href":"https:\/\/www.colegiodentistas.cl\/inicio\/wp-json\/wp\/v2\/posts\/6689999\/revisions\/6691342"}],"wp:featuredmedia":[{"embeddable":true,"href":"https:\/\/www.colegiodentistas.cl\/inicio\/wp-json\/wp\/v2\/media\/6691129"}],"wp:attachment":[{"href":"https:\/\/www.colegiodentistas.cl\/inicio\/wp-json\/wp\/v2\/media?parent=6689999"}],"wp:term":[{"taxonomy":"category","embeddable":true,"href":"https:\/\/www.colegiodentistas.cl\/inicio\/wp-json\/wp\/v2\/categories?post=6689999"},{"taxonomy":"post_tag","embeddable":true,"href":"https:\/\/www.colegiodentistas.cl\/inicio\/wp-json\/wp\/v2\/tags?post=6689999"}],"curies":[{"name":"wp","href":"https:\/\/api.w.org\/{rel}","templated":true}]}}