{"id":19549039,"date":"2026-04-25T10:53:19","date_gmt":"2026-04-25T14:53:19","guid":{"rendered":"https:\/\/www.colegiodentistas.cl\/inicio\/?p=19549039"},"modified":"2026-04-25T10:59:03","modified_gmt":"2026-04-25T14:59:03","slug":"ante-eventual-descontinuacion-de-programas-odontologicos-en-atencion-primaria-el-colegio-declara","status":"publish","type":"post","link":"https:\/\/www.colegiodentistas.cl\/inicio\/2026\/04\/25\/ante-eventual-descontinuacion-de-programas-odontologicos-en-atencion-primaria-el-colegio-declara\/","title":{"rendered":"Ante eventual descontinuaci\u00f3n de programas odontol\u00f3gicos en Atenci\u00f3n Primaria, el colegio declara:"},"content":{"rendered":"\n<p>El Colegio de Cirujanas y Cirujanos Dentistas de Chile A.G. expresa su profunda preocupaci\u00f3n ante la eventual descontinuaci\u00f3n, fusi\u00f3n o debilitamiento presupuestario de los programas odontol\u00f3gicos: Mejoramiento de Acceso a la Atenci\u00f3n Odontol\u00f3gica; Programa Odontol\u00f3gico Integral y Sembrando Sonrisas.<\/p>\n\n\n\n<p>Estos programas no son accesorios, permiten prevenir enfermedades bucales desde la primera infancia, mejorar el acceso a la atenci\u00f3n odontol\u00f3gica en la Atenci\u00f3n Primaria y entregar prestaciones recuperativas y rehabilitadoras a grupos especialmente vulnerables.<\/p>\n\n\n\n<p>Reducir o eliminar estas estrategias tendr\u00eda un impacto directo en las personas usuarias del sistema p\u00fablico, aumentando brechas de acceso, listas de espera y tratamientos m\u00e1s complejos en el futuro. Tambi\u00e9n afectar\u00eda a los equipos odontol\u00f3gicos de la red p\u00fablica, debilitando su capacidad de planificaci\u00f3n, continuidad y respuesta sanitaria.<\/p>\n\n\n\n<p>La salud oral es salud general, por ello, solicitamos al Ministerio de Salud no apoyar esta solicitud y al Ministerio de Hacienda transparentar los fundamentos t\u00e9cnicos de cualquier modificaci\u00f3n y garantizar que ninguna reformulaci\u00f3n implique p\u00e9rdida de cobertura, prestaciones, presupuesto ni recursos humanos.<\/p>\n\n\n\n<p>Como colegio profesional, reiteramos nuestra disposici\u00f3n a colaborar t\u00e9cnicamente en una evaluaci\u00f3n seria y responsable, pero advertimos con claridad: debilitar la odontolog\u00eda en Atenci\u00f3n Primaria es retroceder a\u00f1os en prevenci\u00f3n, equidad, dignidad y calidad de vida para la poblaci\u00f3n.<\/p>\n","protected":false},"excerpt":{"rendered":"<p>El Colegio de Cirujanas y Cirujanos Dentistas de Chile A.G. expresa su profunda preocupaci\u00f3n ante la eventual descontinuaci\u00f3n, fusi\u00f3n o debilitamiento presupuestario de los programas odontol\u00f3gicos: Mejoramiento de Acceso a la Atenci\u00f3n Odontol\u00f3gica; Programa Odontol\u00f3gico Integral y Sembrando Sonrisas. Estos programas no son accesorios, permiten prevenir enfermedades bucales desde la primera infancia, mejorar el acceso a la atenci\u00f3n odontol\u00f3gica en la Atenci\u00f3n Primaria y entregar prestaciones recuperativas y rehabilitadoras a grupos especialmente vulnerables. Reducir o eliminar estas estrategias tendr\u00eda un impacto directo en las personas usuarias del sistema p\u00fablico, aumentando brechas de acceso, listas de espera y tratamientos m\u00e1s complejos [&hellip;]<\/p>\n","protected":false},"author":7,"featured_media":19549040,"comment_status":"open","ping_status":"open","sticky":true,"template":"","format":"standard","meta":[],"categories":[3],"tags":[],"_links":{"self":[{"href":"https:\/\/www.colegiodentistas.cl\/inicio\/wp-json\/wp\/v2\/posts\/19549039"}],"collection":[{"href":"https:\/\/www.colegiodentistas.cl\/inicio\/wp-json\/wp\/v2\/posts"}],"about":[{"href":"https:\/\/www.colegiodentistas.cl\/inicio\/wp-json\/wp\/v2\/types\/post"}],"author":[{"embeddable":true,"href":"https:\/\/www.colegiodentistas.cl\/inicio\/wp-json\/wp\/v2\/users\/7"}],"replies":[{"embeddable":true,"href":"https:\/\/www.colegiodentistas.cl\/inicio\/wp-json\/wp\/v2\/comments?post=19549039"}],"version-history":[{"count":1,"href":"https:\/\/www.colegiodentistas.cl\/inicio\/wp-json\/wp\/v2\/posts\/19549039\/revisions"}],"predecessor-version":[{"id":19549041,"href":"https:\/\/www.colegiodentistas.cl\/inicio\/wp-json\/wp\/v2\/posts\/19549039\/revisions\/19549041"}],"wp:featuredmedia":[{"embeddable":true,"href":"https:\/\/www.colegiodentistas.cl\/inicio\/wp-json\/wp\/v2\/media\/19549040"}],"wp:attachment":[{"href":"https:\/\/www.colegiodentistas.cl\/inicio\/wp-json\/wp\/v2\/media?parent=19549039"}],"wp:term":[{"taxonomy":"category","embeddable":true,"href":"https:\/\/www.colegiodentistas.cl\/inicio\/wp-json\/wp\/v2\/categories?post=19549039"},{"taxonomy":"post_tag","embeddable":true,"href":"https:\/\/www.colegiodentistas.cl\/inicio\/wp-json\/wp\/v2\/tags?post=19549039"}],"curies":[{"name":"wp","href":"https:\/\/api.w.org\/{rel}","templated":true}]}}