{"id":19548974,"date":"2026-03-27T11:10:22","date_gmt":"2026-03-27T14:10:22","guid":{"rendered":"https:\/\/www.colegiodentistas.cl\/inicio\/?p=19548974"},"modified":"2026-04-24T17:46:03","modified_gmt":"2026-04-24T21:46:03","slug":"2da-jornada-macrozona-sur","status":"publish","type":"post","link":"https:\/\/www.colegiodentistas.cl\/inicio\/2026\/03\/27\/2da-jornada-macrozona-sur\/","title":{"rendered":"2da Jornada Macrozona Sur"},"content":{"rendered":"\n<p>La 2da Jornada Macrozona Sur se realizar\u00e1 los d\u00edas 4, 5 y 6 de junio en Valdivia, por ello, los consejos regionales de \u00d1uble, Concepci\u00f3n, B\u00edo B\u00edo, Araucan\u00eda, Valdivia, Osorno, Puerto Montt, Ays\u00e9n y Magallanes, te invitan a ser parte de este evento.<\/p>\n\n\n\n<p>A continuaci\u00f3n, te mostramos informaci\u00f3n relevante sobre la jornada, as\u00ed como tambi\u00e9n, las bases para el concurso cient\u00edfico.<\/p>\n\n\n\n<hr class=\"wp-block-separator\"\/>\n\n\n\n<figure class=\"wp-block-image\"><img src=\"https:\/\/i.postimg.cc\/5Nx1XZWY\/Jornada-macrozona.jpg\" alt=\"Jornada-macrozona\"\/><\/figure>\n\n\n\n<figure class=\"wp-block-image\"><img src=\"https:\/\/i.postimg.cc\/qMk0N9HN\/valores.jpg\" alt=\"valores\"\/><\/figure>\n\n\n\n<figure class=\"wp-block-image\"><img src=\"https:\/\/i.postimg.cc\/Dy2FSt32\/1-(1).png\" alt=\"1-(1)\"\/><\/figure>\n\n\n\n<figure class=\"wp-block-image\"><img src=\"https:\/\/i.postimg.cc\/kXn92kP7\/2-(2).png\" alt=\"2-(2)\"\/><\/figure>\n\n\n\n<figure class=\"wp-block-image\"><img src=\"https:\/\/i.postimg.cc\/gkYdxfbd\/3.png\" alt=\"3\"\/><\/figure>\n\n\n\n<figure class=\"wp-block-image\"><img src=\"https:\/\/i.postimg.cc\/fTwZV6QD\/concurso-cientifico.jpg\" alt=\"concurso-cientifico\"\/><\/figure>\n\n\n\n<hr class=\"wp-block-separator\"\/>\n\n\n<a href=\"https:\/\/www.colegiodentistas.cl\/inicio\/wp-content\/uploads\/2026\/03\/BASES-PARA-PRESENTACION-DE-TRABAJOS-LIBRES-Y-POSTER-CUM.pdf\" class=\"pdfemb-viewer\" style=\"\" data-width=\"max\" data-height=\"max\"  data-toolbar=\"both\" data-toolbar-fixed=\"on\">BASES-PARA-PRESENTACION-DE-TRABAJOS-LIBRES-Y-POSTER-CUM<br\/><\/a>\n<p class=\"wp-block-pdfemb-pdf-embedder-viewer\"><\/p>\n\n\n<a href=\"https:\/\/www.colegiodentistas.cl\/inicio\/wp-content\/uploads\/2026\/03\/Consentimiento-Informado-Casos-clinicos-1.pdf\" class=\"pdfemb-viewer\" style=\"\" data-width=\"max\" data-height=\"max\"  data-toolbar=\"both\" data-toolbar-fixed=\"on\">Consentimiento-Informado-Casos-clinicos-1<br\/><\/a>\n<p class=\"wp-block-pdfemb-pdf-embedder-viewer\"><\/p>\n\n\n<a href=\"https:\/\/www.colegiodentistas.cl\/inicio\/wp-content\/uploads\/2026\/03\/Consentimiento-Informado-para-publicacio\u0301n-de-caso-cli\u0301nico_Recomendaciones-.pdf\" class=\"pdfemb-viewer\" style=\"\" data-width=\"max\" data-height=\"max\"  data-toolbar=\"both\" data-toolbar-fixed=\"on\">Consentimiento-Informado-para-publicacio\u0301n-de-caso-cli\u0301nico_Recomendaciones-<br\/><\/a>\n<p class=\"wp-block-pdfemb-pdf-embedder-viewer\"><\/p>\n\n\n<a href=\"https:\/\/www.colegiodentistas.cl\/inicio\/wp-content\/uploads\/2026\/03\/Ficha-de-presentacio\u0301n-Capitulo-Cienti\u0301fico.pdf\" class=\"pdfemb-viewer\" style=\"\" data-width=\"max\" data-height=\"max\"  data-toolbar=\"both\" data-toolbar-fixed=\"on\">Ficha-de-presentacio\u0301n-Capitulo-Cienti\u0301fico<br\/><\/a>\n<p class=\"wp-block-pdfemb-pdf-embedder-viewer\"><\/p>\n","protected":false},"excerpt":{"rendered":"<p>La 2da Jornada Macrozona Sur se realizar\u00e1 los d\u00edas 4, 5 y 6 de junio en Valdivia, por ello, los consejos regionales de \u00d1uble, Concepci\u00f3n, B\u00edo B\u00edo, Araucan\u00eda, Valdivia, Osorno, Puerto Montt, Ays\u00e9n y Magallanes, te invitan a ser parte de este evento. A continuaci\u00f3n, te mostramos informaci\u00f3n relevante sobre la jornada, as\u00ed como tambi\u00e9n, las bases para el concurso cient\u00edfico.<\/p>\n","protected":false},"author":7,"featured_media":19548983,"comment_status":"open","ping_status":"open","sticky":false,"template":"","format":"standard","meta":[],"categories":[2],"tags":[],"_links":{"self":[{"href":"https:\/\/www.colegiodentistas.cl\/inicio\/wp-json\/wp\/v2\/posts\/19548974"}],"collection":[{"href":"https:\/\/www.colegiodentistas.cl\/inicio\/wp-json\/wp\/v2\/posts"}],"about":[{"href":"https:\/\/www.colegiodentistas.cl\/inicio\/wp-json\/wp\/v2\/types\/post"}],"author":[{"embeddable":true,"href":"https:\/\/www.colegiodentistas.cl\/inicio\/wp-json\/wp\/v2\/users\/7"}],"replies":[{"embeddable":true,"href":"https:\/\/www.colegiodentistas.cl\/inicio\/wp-json\/wp\/v2\/comments?post=19548974"}],"version-history":[{"count":5,"href":"https:\/\/www.colegiodentistas.cl\/inicio\/wp-json\/wp\/v2\/posts\/19548974\/revisions"}],"predecessor-version":[{"id":19548986,"href":"https:\/\/www.colegiodentistas.cl\/inicio\/wp-json\/wp\/v2\/posts\/19548974\/revisions\/19548986"}],"wp:featuredmedia":[{"embeddable":true,"href":"https:\/\/www.colegiodentistas.cl\/inicio\/wp-json\/wp\/v2\/media\/19548983"}],"wp:attachment":[{"href":"https:\/\/www.colegiodentistas.cl\/inicio\/wp-json\/wp\/v2\/media?parent=19548974"}],"wp:term":[{"taxonomy":"category","embeddable":true,"href":"https:\/\/www.colegiodentistas.cl\/inicio\/wp-json\/wp\/v2\/categories?post=19548974"},{"taxonomy":"post_tag","embeddable":true,"href":"https:\/\/www.colegiodentistas.cl\/inicio\/wp-json\/wp\/v2\/tags?post=19548974"}],"curies":[{"name":"wp","href":"https:\/\/api.w.org\/{rel}","templated":true}]}}