{"id":18411250,"date":"2023-02-20T18:40:51","date_gmt":"2023-02-20T21:40:51","guid":{"rendered":"https:\/\/www.colegiodentistas.cl\/inicio\/?p=18411250"},"modified":"2023-02-20T18:42:32","modified_gmt":"2023-02-20T21:42:32","slug":"primer-foro-global-de-salud-oral","status":"publish","type":"post","link":"https:\/\/www.colegiodentistas.cl\/inicio\/2023\/02\/20\/primer-foro-global-de-salud-oral\/","title":{"rendered":"1er Foro Global de Salud Oral"},"content":{"rendered":"\n<p>La Fundaci\u00f3n de la Asociaci\u00f3n Dental Mexicana (ADM) y el Center for Integrative Global Oral Health de la Universidad de Pensilvania invitan al 1er Foro Global de Salud Oral que se llevar\u00e1 a cabo el pr\u00f3ximo 30 y 31 de marzo de 2023 en el Centro Internacional de Congresos de M\u00e9rida, Yucat\u00e1n (CIC).<\/p>\n\n\n\n<p>La equidad y la discapacidad en la salud oral ser\u00e1n temas particulares de discusi\u00f3n del encuentro, cuyo objetivo principal es alentar y facilitar el di\u00e1logo entre los principales actores en la comunidad de salud oral del mundo.<\/p>\n\n\n\n<p>\u200b\u200bEl foro constar\u00e1 de cuatro sesiones con presentaciones cortas (8-10 minutos) de panelistas y luego preguntas del p\u00fablico y mesas de discusi\u00f3n de 90 minutos con todos los participantes.\u200b<\/p>\n\n\n\n<p>El evento, que est\u00e1 dirigido a todos los profesionales y estudiantes de Odontolog\u00eda y Salud Oral as\u00ed como Escuelas y Facultades de Odontolog\u00eda de todo el mundo, contar\u00e1 con la participaci\u00f3n de 20 conferencistas y panelistas de Asia, \u00c1frica, Europa, Am\u00e9rica del Norte y Latinoam\u00e9rica.<\/p>\n\n\n\n<div style=\"height:15px\" aria-hidden=\"true\" class=\"wp-block-spacer\"><\/div>\n\n\n\n<div class=\"wp-block-buttons is-content-justification-center\">\n<div class=\"wp-block-button\"><a class=\"wp-block-button__link has-vivid-cyan-blue-background-color has-background\" href=\"\" target=\"_blank\" rel=\"noreferrer noopener\">Inscripci\u00f3n<\/a><\/div>\n<\/div>\n\n\n\n<hr class=\"wp-block-separator\"\/>\n\n\n\n<p><strong>Objetivos principales:<\/strong><\/p>\n\n\n\n<ul><li>Comprender la importancia de los Objetivos de Desarrollo Sostenible de las Naciones Unidas y la Cobertura Universal de Salud en el contexto de la salud bucal.<\/li><\/ul>\n\n\n\n<ul><li>\u200bDescribir los posibles caminos y desaf\u00edos para que las personas con discapacidad logren una salud oral \u00f3ptima.<\/li><\/ul>\n\n\n\n<ul><li>\u200bComprender el papel de la comunidad educativa y cient\u00edfica para lograr un sistema de salud oral m\u00e1s equitativo.<\/li><\/ul>\n\n\n\n<ul><li>\u200bIdentificar iniciativas de salud p\u00fablica y describir el estado actual de la fuerza laboral de salud oral para lograr resultados m\u00e1s equitativos.<\/li><\/ul>\n","protected":false},"excerpt":{"rendered":"<p>La Fundaci\u00f3n de la Asociaci\u00f3n Dental Mexicana (ADM) y el Center for Integrative Global Oral Health de la Universidad de Pensilvania invitan al 1er Foro Global de Salud Oral que se llevar\u00e1 a cabo el pr\u00f3ximo 30 y 31 de marzo de 2023 en el Centro Internacional de Congresos de M\u00e9rida, Yucat\u00e1n (CIC). La equidad y la discapacidad en la salud oral ser\u00e1n temas particulares de discusi\u00f3n del encuentro, cuyo objetivo principal es alentar y facilitar el di\u00e1logo entre los principales actores en la comunidad de salud oral del mundo. \u200b\u200bEl foro constar\u00e1 de cuatro sesiones con presentaciones cortas (8-10 [&hellip;]<\/p>\n","protected":false},"author":7,"featured_media":18414302,"comment_status":"open","ping_status":"open","sticky":false,"template":"","format":"standard","meta":[],"categories":[107,2],"tags":[],"_links":{"self":[{"href":"https:\/\/www.colegiodentistas.cl\/inicio\/wp-json\/wp\/v2\/posts\/18411250"}],"collection":[{"href":"https:\/\/www.colegiodentistas.cl\/inicio\/wp-json\/wp\/v2\/posts"}],"about":[{"href":"https:\/\/www.colegiodentistas.cl\/inicio\/wp-json\/wp\/v2\/types\/post"}],"author":[{"embeddable":true,"href":"https:\/\/www.colegiodentistas.cl\/inicio\/wp-json\/wp\/v2\/users\/7"}],"replies":[{"embeddable":true,"href":"https:\/\/www.colegiodentistas.cl\/inicio\/wp-json\/wp\/v2\/comments?post=18411250"}],"version-history":[{"count":2,"href":"https:\/\/www.colegiodentistas.cl\/inicio\/wp-json\/wp\/v2\/posts\/18411250\/revisions"}],"predecessor-version":[{"id":18415247,"href":"https:\/\/www.colegiodentistas.cl\/inicio\/wp-json\/wp\/v2\/posts\/18411250\/revisions\/18415247"}],"wp:featuredmedia":[{"embeddable":true,"href":"https:\/\/www.colegiodentistas.cl\/inicio\/wp-json\/wp\/v2\/media\/18414302"}],"wp:attachment":[{"href":"https:\/\/www.colegiodentistas.cl\/inicio\/wp-json\/wp\/v2\/media?parent=18411250"}],"wp:term":[{"taxonomy":"category","embeddable":true,"href":"https:\/\/www.colegiodentistas.cl\/inicio\/wp-json\/wp\/v2\/categories?post=18411250"},{"taxonomy":"post_tag","embeddable":true,"href":"https:\/\/www.colegiodentistas.cl\/inicio\/wp-json\/wp\/v2\/tags?post=18411250"}],"curies":[{"name":"wp","href":"https:\/\/api.w.org\/{rel}","templated":true}]}}