{"id":1732,"date":"2016-05-09T10:55:48","date_gmt":"2016-05-09T14:55:48","guid":{"rendered":"http:\/\/www.colegiodentistas.cl\/inicio\/?p=1732"},"modified":"2021-11-23T14:45:23","modified_gmt":"2021-11-23T17:45:23","slug":"impulsando-el-fortalecimiento-de-la-profesion-los-aportes-y-proyectos-del-departamento-cientifico-del-colegio","status":"publish","type":"post","link":"https:\/\/www.colegiodentistas.cl\/inicio\/2016\/05\/09\/impulsando-el-fortalecimiento-de-la-profesion-los-aportes-y-proyectos-del-departamento-cientifico-del-colegio\/","title":{"rendered":"Impulsando el fortalecimiento de la profesi\u00f3n: los aportes y proyectos del Departamento Cient\u00edfico del Colegio"},"content":{"rendered":"\n<p><em>El desarrollo cient\u00edfico y profesional de la Odontolog\u00eda son pilares fundacionales del Colegio de Dentistas. A lo largo de su historia, distintas han sido las instancias de impulso y promoci\u00f3n de actividades y proyectos que apunten al constante fortalecimiento de dichos objetivos.<\/em><\/p>\n\n\n\n<p><em>En ese entendido,&nbsp;es que se instaur\u00f3 el Departamento Cient\u00edfico del Colegio. Este estamento, dirigido por el Dr. Luis Felipe Jim\u00e9nez Squella, consejero nacional,&nbsp;ha sido protagonista y art\u00edfice de diversas iniciativas que aportan al alcance de estos fines.&nbsp;<\/em><\/p>\n\n\n\n<p><em>A continuaci\u00f3n, le invitamos a revisar esta entrevista donde el tambi\u00e9n tesorero nacional aborda diversas aristas respecto del \u00e1mbito cient\u00edfico institucional a nivel nacional e internacional, junto con dar cuenta de los distintos proyectos que encabeza.<\/em><\/p>\n\n\n\n<p><strong>Hace algunos d\u00edas se concret\u00f3 una alianza estrat\u00e9gica con Ejercer, que busca acercar iniciativas de actualizaci\u00f3n profesional tanto en Santiago como en regiones. \u00bfCu\u00e1l es el objetivo trascendental de este convenio de colaboraci\u00f3n y qu\u00e9 novedades trae consigo?<\/strong><\/p>\n\n\n\n<p>Tiene que ver con la idea de potenciar la democratizaci\u00f3n territorial de las actividades cient\u00edficas que hemos impulsado. Para nadie es misterio que estas iniciativas suelen concentrarse en Santiago, dejando \u2013de cierto modo- de lado a colegas de regiones.<\/p>\n\n\n\n<p>De ah\u00ed surge esta alianza, que en paralelo a la constante tarea de difusi\u00f3n de cursos de actualizaci\u00f3n profesional impulsados a trav\u00e9s de E-Coldent, dan sentido al Departamento Cient\u00edfico.<\/p>\n\n\n\n<p><strong>En materia m\u00e1s espec\u00edfica, \u00bfqu\u00e9 \u00e1reas busca reforzar las iniciativas enmarcadas en este convenio? \u00bfProyectos?<\/strong><\/p>\n\n\n\n<div class=\"wp-block-image wp-image-1666\"><figure class=\"alignleft\"><img loading=\"lazy\" width=\"300\" height=\"221\" src=\"https:\/\/www.colegiodentistas.cl\/inicio\/wp-content\/uploads\/2016\/04\/IMG_7123-300x221.jpg\" alt=\"Firma convenio Ejercer, abril 2016.\" class=\"wp-image-1666\" srcset=\"https:\/\/www.colegiodentistas.cl\/inicio\/wp-content\/uploads\/2016\/04\/IMG_7123-300x221.jpg 300w, https:\/\/www.colegiodentistas.cl\/inicio\/wp-content\/uploads\/2016\/04\/IMG_7123-768x565.jpg 768w, https:\/\/www.colegiodentistas.cl\/inicio\/wp-content\/uploads\/2016\/04\/IMG_7123-1024x753.jpg 1024w, https:\/\/www.colegiodentistas.cl\/inicio\/wp-content\/uploads\/2016\/04\/IMG_7123-400x294.jpg 400w, https:\/\/www.colegiodentistas.cl\/inicio\/wp-content\/uploads\/2016\/04\/IMG_7123-680x500.jpg 680w\" sizes=\"(max-width: 300px) 100vw, 300px\" \/><figcaption><span style=\"color: #999999;\"><em><strong>Firma convenio Ejercer, abril 2016.<\/strong><\/em><\/span><\/figcaption><\/figure><\/div>\n\n\n\n<p>Ejercer es una consultora con larga trayectoria en el \u00e1rea de gesti\u00f3n y marketing, por lo cual, con esta alianza estamos en condiciones de poder otorgar a nuestros colegas una visi\u00f3n profesional de un \u00e1rea en la cual no siempre estamos bien preparados.<\/p>\n\n\n\n<p>Es una gran oportunidad que estoy cierto se constituir\u00e1 en una valiosa herramienta para el mejor ejercicio de nuestra profesi\u00f3n. Es muy importante se\u00f1alar que estos cursos tendr\u00e1n un valor muy reducido y se podr\u00e1n realizar en los lugares que cada Consejo Regional lo determine.<\/p>\n\n\n\n<p><strong>Eso desde el convenio con Ejercer, pero en lo que respecta a los cursos E-Coldent para este 2016, \u00bfQu\u00e9 novedades se pueden anunciar?<\/strong><\/p>\n\n\n\n<p>E-Coldent es una plataforma de educaci\u00f3n continua a distancia, ese es el sello y sentido de este proyecto. De ah\u00ed que a\u00f1o a a\u00f1o hemos desarrollado e impulsado una nutrida bater\u00eda de cursos, programas y talleres que complementan al Diplomado de Actualizaci\u00f3n Profesional, que este 2016 tendr\u00e1 su cuarta versi\u00f3n.<\/p>\n\n\n\n<p>Tenemos varias novedades para este a\u00f1o, si bien \u2013y en respuesta a la positiva recepci\u00f3n que han tenido- en general se mantienen tem\u00e1ticas abordadas en otras oportunidades, por ejemplo se han agregado el curso de Odontolog\u00eda Forense y otro de Fotograf\u00eda Cl\u00ednica.<\/p>\n\n\n\n<p><strong>Durante 2015 no s\u00f3lo se dict\u00f3 el diplomado, sino adem\u00e1s se impulsaron otras iniciativas. \u00bfQu\u00e9 programas se contemplan en paralelo?<\/strong><\/p>\n\n\n\n<p>En complemento al diplomado, estamos desarrollado otras iniciativas como el exitoso curso de Diagn\u00f3stico Precoz del C\u00e1ncer Oral, que ante la gran aceptaci\u00f3n que tuvo en diciembre lo &nbsp;estamos dictando en este momento con una excelente acogida por parte de la comunidad odontol\u00f3gica.<\/p>\n\n\n\n<p>Adem\u00e1s, estamos preparando cursos como el Reanimaci\u00f3n Cardiopulmonar b\u00e1sica para dentistas (de car\u00e1cter semipresencial) u otro vinculado con Autorizaci\u00f3n Sanitaria y Ley de Derechos y Deberes de pacientes.<\/p>\n\n\n\n<p>Realmente esperamos que todos estos cursos y programas, que ser\u00e1n prontamente informados y publicitados, tengan el \u00e9xito que han suscitado las iniciativas desarrolladas en a\u00f1os anteriores. Estamos constantemente trabajando para que as\u00ed sea.<\/p>\n\n\n\n<p><strong>Durante los \u00faltimos a\u00f1os el Colegio le ha dado un fuerte impulso por el desarrollo del trabajo cient\u00edfico, teniendo incluso inserci\u00f3n en la comunidad cient\u00edfica internacional a trav\u00e9s de las participaciones en congresos FDI y otras iniciativas. \u00bfCu\u00e1l es objetivo de este sello que ha ido asumiendo el Colegio? \u00bfA qu\u00e9 apunta?<\/strong><\/p>\n\n\n\n<div class=\"wp-block-image size-medium wp-image-1733\"><figure class=\"alignright\"><img loading=\"lazy\" width=\"300\" height=\"237\" src=\"https:\/\/www.colegiodentistas.cl\/inicio\/wp-content\/uploads\/2016\/05\/IMG_1311-300x237.jpg\" alt=\"En el mes de octubre de 2015, y en Bangkok, se desarroll\u00f3 el Congreso Anual Internacional de la FDI\" class=\"wp-image-1733\" srcset=\"https:\/\/www.colegiodentistas.cl\/inicio\/wp-content\/uploads\/2016\/05\/IMG_1311-300x237.jpg 300w, https:\/\/www.colegiodentistas.cl\/inicio\/wp-content\/uploads\/2016\/05\/IMG_1311-768x608.jpg 768w, https:\/\/www.colegiodentistas.cl\/inicio\/wp-content\/uploads\/2016\/05\/IMG_1311-1024x811.jpg 1024w, https:\/\/www.colegiodentistas.cl\/inicio\/wp-content\/uploads\/2016\/05\/IMG_1311-400x317.jpg 400w, https:\/\/www.colegiodentistas.cl\/inicio\/wp-content\/uploads\/2016\/05\/IMG_1311-632x500.jpg 632w, https:\/\/www.colegiodentistas.cl\/inicio\/wp-content\/uploads\/2016\/05\/IMG_1311.jpg 1305w\" sizes=\"(max-width: 300px) 100vw, 300px\" \/><figcaption><strong><span style=\"color: #999999;\">Congreso Anual FDI Bangkok 2015. &nbsp; &nbsp; &nbsp; &nbsp; &nbsp; &nbsp; &nbsp; &nbsp; &nbsp; &nbsp; &nbsp; &nbsp; &nbsp; &nbsp; &nbsp; &nbsp; &nbsp; &nbsp; &nbsp; &nbsp; &nbsp; &nbsp; &nbsp; &nbsp; &nbsp;En la imagen (de Izq. a Der.):<\/span><\/strong><br><strong><span style=\"color: #999999;\">- Dra. Kathryn Kell, presidenta electa FDI.<\/span><\/strong><br><strong><span style=\"color: #999999;\">- Dr. Patrick Hescot, actual presidente FDI.<\/span><\/strong><br><strong><span style=\"color: #999999;\">- Dr. Luis Felipe Jim\u00e9nez.<\/span><\/strong><br><strong><span style=\"color: #999999;\">- Dra. Fernanda Atuesta, presidenta de la Federaci\u00f3n Odontol\u00f3gica de Colombia.<\/span><\/strong><br><strong><span style=\"color: #999999;\">- Dr. Gorki Espinosa, presidente FOLA.<\/span><\/strong><\/figcaption><\/figure><\/div>\n\n\n\n<p>Actualmente estamos frente a una realidad en la cual la ciencia evoluciona d\u00eda a d\u00eda. En esa l\u00f3gica, el Colegio buscar brindar herramientas que contribuyan a la constante actualizaci\u00f3n profesional de la comunidad odontol\u00f3gica.<\/p>\n\n\n\n<p>Tomando como antecedente el reciente triunfo profesional que alcanzamos con la firma del acuerdo suscrito entre los colegios profesionales de la Salud con el MINSAL, dando t\u00e9rmino a meses de movilizaciones, resulta importante asumir que si bien existe un inter\u00e9s por los beneficios que se obtienen para el gremio, el objetivo transversal era (y sigue siendo) apuntar a un sentido de integralidad en salud.<\/p>\n\n\n\n<p>Entonces, \u00bfc\u00f3mo poder brindar una atenci\u00f3n \u00edntegra si no se manejan las herramientas t\u00e9cnicas, cient\u00edficas y profesionales que la sustenten? De ah\u00ed surge este impulso, teniendo siempre en el foco una mirada de futuro, pensando en aportar y potenciar conocimientos para fortalecer cient\u00edficamente a la profesi\u00f3n y, de esa forma, brindar efectivamente una mejor atenci\u00f3n.<\/p>\n\n\n\n<p>En materia internacional, el Colegio tambi\u00e9n ha estado presente. Un ejemplo de ello fue nuestra participaci\u00f3n en el Congreso FDI celebrado en Bangkok durante 2015 en donde se tuvo la oportunidad de saludar a las nuevas autoridades de la FDI y plantear, junto a las organizaciones latinoamericanas como FOLA, planes de trabajo que favorezcan tanto el ejercicio profesional en sus distintas manifestaciones como asimismo en el plano de la salud p\u00fablica.<\/p>\n\n\n\n<p>En lo que respecta a la FDI, las buenas relaciones que hemos mantenido con la actual directiva, la saliente y la presidenta electa, nos auguran un trabajo interesante para el futuro inmediato.<\/p>\n\n\n\n<p><strong>Finalmente, \u00bfqu\u00e9 invitaci\u00f3n har\u00eda a la comunidad odontol\u00f3gica frente a las actividades y proyectos impulsados por el Departamento Cient\u00edfico?<\/strong><\/p>\n\n\n\n<p>Hoy en d\u00eda, con el vertiginoso avance de la ciencia, es un deber profesional estar continuamente actualiz\u00e1ndose y nutriendo el desarrollo profesional.&nbsp; El llamado, entonces, es a tomar siempre atenci\u00f3n a las distintas iniciativas de impulso cient\u00edfico.<\/p>\n\n\n\n<p>Desde el Colegio, desarrollamos distintos programas a trav\u00e9s de E-Coldent o alianzas estrat\u00e9gicas como el convenio firmado con Ejercer y el constante trabajo de la mano de la FDI en sus congresos y distintos proyectos en los que participamos.<\/p>\n\n\n\n<p><\/p>\n","protected":false},"excerpt":{"rendered":"<p>El desarrollo cient\u00edfico y profesional de la Odontolog\u00eda son pilares fundacionales del Colegio de Dentistas. A lo largo de su historia, distintas han sido las instancias de impulso y promoci\u00f3n de actividades y proyectos que apunten al constante fortalecimiento de dichos objetivos. En ese entendido,&nbsp;es que se instaur\u00f3 el Departamento Cient\u00edfico del Colegio. Este estamento, dirigido por el Dr. Luis Felipe Jim\u00e9nez Squella, consejero nacional,&nbsp;ha sido protagonista y art\u00edfice de diversas iniciativas que aportan al alcance de estos fines.&nbsp; A continuaci\u00f3n, le invitamos a revisar esta entrevista donde el tambi\u00e9n tesorero nacional aborda diversas aristas respecto del \u00e1mbito cient\u00edfico institucional [&hellip;]<\/p>\n","protected":false},"author":7,"featured_media":1735,"comment_status":"open","ping_status":"open","sticky":false,"template":"","format":"standard","meta":[],"categories":[139,3],"tags":[],"_links":{"self":[{"href":"https:\/\/www.colegiodentistas.cl\/inicio\/wp-json\/wp\/v2\/posts\/1732"}],"collection":[{"href":"https:\/\/www.colegiodentistas.cl\/inicio\/wp-json\/wp\/v2\/posts"}],"about":[{"href":"https:\/\/www.colegiodentistas.cl\/inicio\/wp-json\/wp\/v2\/types\/post"}],"author":[{"embeddable":true,"href":"https:\/\/www.colegiodentistas.cl\/inicio\/wp-json\/wp\/v2\/users\/7"}],"replies":[{"embeddable":true,"href":"https:\/\/www.colegiodentistas.cl\/inicio\/wp-json\/wp\/v2\/comments?post=1732"}],"version-history":[{"count":9,"href":"https:\/\/www.colegiodentistas.cl\/inicio\/wp-json\/wp\/v2\/posts\/1732\/revisions"}],"predecessor-version":[{"id":11958109,"href":"https:\/\/www.colegiodentistas.cl\/inicio\/wp-json\/wp\/v2\/posts\/1732\/revisions\/11958109"}],"wp:featuredmedia":[{"embeddable":true,"href":"https:\/\/www.colegiodentistas.cl\/inicio\/wp-json\/wp\/v2\/media\/1735"}],"wp:attachment":[{"href":"https:\/\/www.colegiodentistas.cl\/inicio\/wp-json\/wp\/v2\/media?parent=1732"}],"wp:term":[{"taxonomy":"category","embeddable":true,"href":"https:\/\/www.colegiodentistas.cl\/inicio\/wp-json\/wp\/v2\/categories?post=1732"},{"taxonomy":"post_tag","embeddable":true,"href":"https:\/\/www.colegiodentistas.cl\/inicio\/wp-json\/wp\/v2\/tags?post=1732"}],"curies":[{"name":"wp","href":"https:\/\/api.w.org\/{rel}","templated":true}]}}