{"id":16540345,"date":"2022-10-14T21:30:29","date_gmt":"2022-10-15T00:30:29","guid":{"rendered":"https:\/\/www.colegiodentistas.cl\/inicio\/?p=16540345"},"modified":"2022-11-16T18:08:30","modified_gmt":"2022-11-16T21:08:30","slug":"simposio-soemaf-2022-reacciones-y-fotos-de-la-jornada","status":"publish","type":"post","link":"https:\/\/www.colegiodentistas.cl\/inicio\/2022\/10\/14\/simposio-soemaf-2022-reacciones-y-fotos-de-la-jornada\/","title":{"rendered":"Simposio Soemaf 2022: reacciones y fotos de la jornada"},"content":{"rendered":"\n<p>El S<strong>imposio 2022: actualizaciones en armonizaci\u00f3n orofacial<\/strong>, organizado por la Asociaci\u00f3n Chilena de Est\u00e9tica Maxilofacial (Soemaf), se realiz\u00f3 con total \u00e9xito en la Sede Nacional del Colegio de Cirujano Dentistas de Chile A.G., en una jornada de larga duraci\u00f3n que cont\u00f3 aforo completo.<\/p>\n\n\n\n<p>La actividad se extendi\u00f3 durante la ma\u00f1ana y tarde de este jueves, donde 10 temas se tomaron las exposiciones, acompa\u00f1ados de rondas de preguntas por parte de los asistentes.<\/p>\n\n\n\n<p>Tras la cita, la directiva de Soemaf valor\u00f3 la instancia, la alta convocatoria de las exposiciones y desde ya, lanza l\u00edneas de cara al a\u00f1o 2023.<\/p>\n\n\n\n<p>\u201cMe parece que la organizaci\u00f3n del Simposio fue muy buena... Contamos con la presencia del presidente nacional del Colegio de Cirujano Dentistas, Dr. Carlos Marchant y del consejero nacional y director del Departamento de Cultura, Recreaci\u00f3n y Deporte, Dr. Sebasti\u00e1n Toledo\u201d, dijo la Dra. Paloma Rivera, en relaci\u00f3n al trabajo mancomunado que mantienen las instituciones entre s\u00ed. Adem\u00e1s, tambi\u00e9n destac\u00f3 <a rel=\"noreferrer noopener\" href=\"https:\/\/www.colegiodentistas.cl\/inicio\/2022\/10\/14\/soemaf-entrego-colegio-cirujano-dentistas-antecedentes-iniciar-tramitacion-especialidad-estetica-armonizacion-orofacial\/\" target=\"_blank\">la entrega del documento con los antecedentes necesarios para crear la especialidad de Est\u00e9tica y Armonizaci\u00f3n Orofacial en Chile<\/a>, uno de los puntos altos de la jornada.<\/p>\n\n\n\n<p>\u201cLa mayor\u00eda de las personas que asistieron son socios de Soemaf y adem\u00e1s est\u00e1n colegiados. Eso habla muy bien de nuestra profesi\u00f3n, ya que demuestra un alto compromiso y las ganas que hay de mejorar la calidad de atenci\u00f3n para nuestros pacientes\u201d, agreg\u00f3 la Dra. Rivera, en relaci\u00f3n a la gran repuesta que tuvo el Simposio por parte de la comunidad profesional.<\/p>\n\n\n\n<p>\u201cEstoy muy agradecida por la asistencia completa que tuvimos, las charlas y los expositores estuvieron de lujo. Nuestra labor, como Soemaf, es compartir conocimientos, ense\u00f1ar y hacer posible que nuestros colegas tengan un campo de acci\u00f3n m\u00e1s grande y con mayor calidad\u201d, dijo la Dra. Sandra Galv\u00e1n, directiva de la Asociaci\u00f3n Chilena de Est\u00e9tica Maxilofacial.<\/p>\n\n\n\n<p>\u201cDesde ya los quiero invitar al Congreso Internacional que estamos organizando para el 19 y 20 de mayo del 2023. Sin son armonizadores, tienen que asistir\u201d, a\u00f1adi\u00f3 la Dra. Galv\u00e1n, extendiendo la invitaci\u00f3n a todos los profesionales que deseen asistir.<\/p>\n\n\n\n<p>La Dra. Nicole Abaroa, integrante del directorio de Soemaf, tambi\u00e9n se refiri\u00f3 al Simposio y lament\u00f3 que \u201cpor temas de aforo, no pudimos inscribir a toda la gente interesada, pero los cupos disponibles se utilizaron todos y eso nos pone muy felices\u201d.<\/p>\n\n\n\n<p>\u201cAgradezco la motivaci\u00f3n de los asistentes y de los expositores. Con estas ganas de aprender y de mejorar, vamos a ir avanzando cada vez m\u00e1s en la medicina est\u00e9tica, desarrollando nuevos estudios y protocolos que ayuden a la especialidad\u201d, finaliz\u00f3 la Dra. Abaroa.<\/p>\n\n\n\n<p><em><strong>Las charlas que se dictaron durante la jornada del Simposio 2022 fueron las siguientes:<\/strong><\/em><\/p>\n\n\n\n<p><strong>Enfoque de Tratamiento de labios en pacientes j\u00f3venes vs. Pacientes adultos<\/strong><br>Dra. Noelia Mart\u00ednez<\/p>\n\n\n\n<p><strong>Voluminizaci\u00f3n y proyecci\u00f3n labial. T\u00e1cticas combinadas<\/strong><br>Dra. Mar\u00eda Jos\u00e9 Orellana<\/p>\n\n\n\n<p><strong>Perfilado labial, c\u00f3digo de barra y embellecimiento integral<\/strong><br>Dra. Sandra Narea<\/p>\n\n\n\n<p><strong>Rinomodelaci\u00f3n ONE POINT ALL UP<\/strong><br>Dr. C\u00e9sar Zapata<\/p>\n\n\n\n<p><strong>Demostraci\u00f3n en vivo rino\/lips<\/strong><br>Dra. Noelia Mart\u00ednez, Dra. Mar\u00eda Jos\u00e9 Orellana y Dr. C\u00e9sar Zapata<\/p>\n\n\n\n<p><strong>Generalidades de la ecograf\u00eda y usos en regi\u00f3n nasal y labial<\/strong><br>Dra. Nicole Abaroa<\/p>\n\n\n\n<p><strong>Contorno facial: nuevos conceptos<\/strong><br>Dra. Sandra Narea<\/p>\n\n\n\n<p><strong>Protocolo en necrosis tempranas y tard\u00edas<\/strong><br>Dra. Macarena Olivares<\/p>\n\n\n\n<p><strong>Abordaje de complicaciones oculares por \u00e1cido hialur\u00f3nico<\/strong><br>Dra. Andrea Mardones<\/p>\n\n\n\n<p><strong>La nueva era de la policaprolactona. Te\u00f3rico-demostrativo<\/strong><br>Dra. Paloma Rivera y Dr. Carlos Carrasco<\/p>\n\n\n\n<hr class=\"wp-block-separator\"\/>\n\n\n\n<figure class=\"wp-block-image\"><a href=\"https:\/\/postimg.cc\/ZC2Nwssm\" target=\"_blank\" rel=\"noreferrer noopener\"><img src=\"https:\/\/i.postimg.cc\/8zPbPqh7\/Simposio-SOEMAF-2022-1.jpg\" alt=\"Simposio-SOEMAF-2022-1\"\/><\/a><\/figure>\n\n\n\n<figure class=\"wp-block-image\"><a href=\"https:\/\/postimg.cc\/4ntRKYC1\" target=\"_blank\" rel=\"noreferrer noopener\"><img src=\"https:\/\/i.postimg.cc\/tRvqM628\/Simposio-SOEMAF-2022-12.jpg\" alt=\"Simposio-SOEMAF-2022-12\"\/><\/a><\/figure>\n\n\n\n<figure class=\"wp-block-image\"><a href=\"https:\/\/postimg.cc\/k6GX3qDp\" target=\"_blank\" rel=\"noreferrer noopener\"><img src=\"https:\/\/i.postimg.cc\/KzrKTYbx\/Simposio-SOEMAF-2022-20.jpg\" alt=\"Simposio-SOEMAF-2022-20\"\/><\/a><\/figure>\n\n\n\n<figure class=\"wp-block-image\"><a href=\"https:\/\/postimg.cc\/crggtMxb\" target=\"_blank\" rel=\"noreferrer noopener\"><img src=\"https:\/\/i.postimg.cc\/7YXgcmpw\/Simposio-SOEMAF-2022-24.jpg\" alt=\"Simposio-SOEMAF-2022-24\"\/><\/a><\/figure>\n\n\n\n<figure class=\"wp-block-image\"><a href=\"https:\/\/postimg.cc\/p9tFHht1\" target=\"_blank\" rel=\"noreferrer noopener\"><img src=\"https:\/\/i.postimg.cc\/8C7BLMXD\/Simposio-SOEMAF-2022-3.jpg\" alt=\"Simposio-SOEMAF-2022-3\"\/><\/a><\/figure>\n\n\n\n<figure class=\"wp-block-image\"><a href=\"https:\/\/postimg.cc\/Yvt7BMsz\" target=\"_blank\" rel=\"noreferrer noopener\"><img src=\"https:\/\/i.postimg.cc\/0ywymNGF\/Simposio-SOEMAF-2022-30.jpg\" alt=\"Simposio-SOEMAF-2022-30\"\/><\/a><figcaption><a rel=\"noreferrer noopener\" href=\"https:\/\/postimg.cc\/mc825tZ9\" target=\"_blank\"><\/a><\/figcaption><\/figure>\n\n\n\n<figure class=\"wp-block-image\"><a href=\"https:\/\/postimg.cc\/mc825tZ9\" target=\"_blank\" rel=\"noreferrer noopener\"><img src=\"https:\/\/i.postimg.cc\/pTthyFgs\/Simposio-SOEMAF-2022-8.jpg\" alt=\"Simposio-SOEMAF-2022-8\"\/><\/a><\/figure>\n\n\n\n<figure class=\"wp-block-image\"><a href=\"https:\/\/postimg.cc\/ZBbvWGn8\" target=\"_blank\" rel=\"noreferrer noopener\"><img src=\"https:\/\/i.postimg.cc\/XJFfz30z\/Simposio-SOEMAF-2022-4.jpg\" alt=\"Simposio-SOEMAF-2022-4\"\/><\/a><\/figure>\n\n\n\n<figure class=\"wp-block-image\"><a href=\"https:\/\/postimg.cc\/VSBbLffs\" target=\"_blank\" rel=\"noreferrer noopener\"><img src=\"https:\/\/i.postimg.cc\/pd3QCr3j\/Simposio-SOEMAF-2022-5.jpg\" alt=\"Simposio-SOEMAF-2022-5\"\/><\/a><\/figure>\n\n\n\n<figure class=\"wp-block-image\"><a href=\"https:\/\/postimg.cc\/YhHKQtMB\" target=\"_blank\" rel=\"noreferrer noopener\"><img src=\"https:\/\/i.postimg.cc\/tC1qQgcJ\/Simposio-SOEMAF-2022-5.jpg\" alt=\"Simposio-SOEMAF-2022-5\"\/><\/a><\/figure>\n\n\n\n<figure class=\"wp-block-image\"><a href=\"https:\/\/postimg.cc\/bs9XT4wD\" target=\"_blank\" rel=\"noreferrer noopener\"><img src=\"https:\/\/i.postimg.cc\/3JPKKTMB\/Simposio-SOEMAF-2022-53.jpg\" alt=\"Simposio-SOEMAF-2022-53\"\/><\/a><\/figure>\n\n\n\n<figure class=\"wp-block-image\"><a href=\"https:\/\/postimg.cc\/HJsTXd0k\" target=\"_blank\" rel=\"noreferrer noopener\"><img src=\"https:\/\/i.postimg.cc\/0N7rgNbD\/Simposio-SOEMAF-2022-55.jpg\" alt=\"Simposio-SOEMAF-2022-55\"\/><\/a><\/figure>\n","protected":false},"excerpt":{"rendered":"<p>El Simposio 2022: actualizaciones en armonizaci\u00f3n orofacial, organizado por la Asociaci\u00f3n Chilena de Est\u00e9tica Maxilofacial (Soemaf), se realiz\u00f3 con total \u00e9xito en la Sede Nacional del Colegio de Cirujano Dentistas de Chile A.G., en una jornada de larga duraci\u00f3n que cont\u00f3 aforo completo. La actividad se extendi\u00f3 durante la ma\u00f1ana y tarde de este jueves, donde 10 temas se tomaron las exposiciones, acompa\u00f1ados de rondas de preguntas por parte de los asistentes. Tras la cita, la directiva de Soemaf valor\u00f3 la instancia, la alta convocatoria de las exposiciones y desde ya, lanza l\u00edneas de cara al a\u00f1o 2023. \u201cMe parece [&hellip;]<\/p>\n","protected":false},"author":7,"featured_media":16540788,"comment_status":"open","ping_status":"open","sticky":false,"template":"","format":"standard","meta":[],"categories":[107,26,3],"tags":[212,211,208],"_links":{"self":[{"href":"https:\/\/www.colegiodentistas.cl\/inicio\/wp-json\/wp\/v2\/posts\/16540345"}],"collection":[{"href":"https:\/\/www.colegiodentistas.cl\/inicio\/wp-json\/wp\/v2\/posts"}],"about":[{"href":"https:\/\/www.colegiodentistas.cl\/inicio\/wp-json\/wp\/v2\/types\/post"}],"author":[{"embeddable":true,"href":"https:\/\/www.colegiodentistas.cl\/inicio\/wp-json\/wp\/v2\/users\/7"}],"replies":[{"embeddable":true,"href":"https:\/\/www.colegiodentistas.cl\/inicio\/wp-json\/wp\/v2\/comments?post=16540345"}],"version-history":[{"count":3,"href":"https:\/\/www.colegiodentistas.cl\/inicio\/wp-json\/wp\/v2\/posts\/16540345\/revisions"}],"predecessor-version":[{"id":16572003,"href":"https:\/\/www.colegiodentistas.cl\/inicio\/wp-json\/wp\/v2\/posts\/16540345\/revisions\/16572003"}],"wp:featuredmedia":[{"embeddable":true,"href":"https:\/\/www.colegiodentistas.cl\/inicio\/wp-json\/wp\/v2\/media\/16540788"}],"wp:attachment":[{"href":"https:\/\/www.colegiodentistas.cl\/inicio\/wp-json\/wp\/v2\/media?parent=16540345"}],"wp:term":[{"taxonomy":"category","embeddable":true,"href":"https:\/\/www.colegiodentistas.cl\/inicio\/wp-json\/wp\/v2\/categories?post=16540345"},{"taxonomy":"post_tag","embeddable":true,"href":"https:\/\/www.colegiodentistas.cl\/inicio\/wp-json\/wp\/v2\/tags?post=16540345"}],"curies":[{"name":"wp","href":"https:\/\/api.w.org\/{rel}","templated":true}]}}