{"id":16537321,"date":"2022-10-15T14:29:00","date_gmt":"2022-10-15T17:29:00","guid":{"rendered":"https:\/\/www.colegiodentistas.cl\/inicio\/?p=16537321"},"modified":"2022-11-16T12:52:54","modified_gmt":"2022-11-16T15:52:54","slug":"jornada-macrozona-norte-antofagasta-exito-2023-bahia-inglesa","status":"publish","type":"post","link":"https:\/\/www.colegiodentistas.cl\/inicio\/2022\/10\/15\/jornada-macrozona-norte-antofagasta-exito-2023-bahia-inglesa\/","title":{"rendered":"Jornada Macrozona Norte en Antofagasta fue un \u00e9xito y en 2023 nos espera Bah\u00eda Inglesa"},"content":{"rendered":"\n<p>La <strong>III Jornada Macrozona Norte<\/strong> desarrollada los d\u00edas 6, 7 y 8 de octubre en Antofagasta fue calificada como un \u00e9xito por participantes y organizadores, que ya tienen definida la pr\u00f3xima sede del tradicional encuentro odontol\u00f3gico, Bah\u00eda Inglesa, balneario en la costa del Desierto de Atacama, en la regi\u00f3n hom\u00f3nima.<\/p>\n\n\n\n<p>\"La III Jornada fue un \u00e9xito rotundo. Tuvo una cantidad de participaci\u00f3n impresionante, con t\u00f3picos bastante interesantes y bastante novedosos. Y paralelamente demostr\u00f3 el trabajo en conjunto de toda la Macrozona Norte\", resumi\u00f3 el presidente nacional del Colegio de Cirujano Dentistas de Chile A.G., <strong>Dr. Carlos Marchant<\/strong>, respecto de la actividad organizada por los consejos regionales de Arica, Iquique, El Loa, Antofagasta, Copiap\u00f3 y La Serena.<\/p>\n\n\n\n<p>El presidente del Regional Antofagasta, <strong>Dr. Carlos Humeres<\/strong>, coincidi\u00f3 en que los tres d\u00edas de exposiciones y workshops fueron un \u00e9xito: \"Fue hist\u00f3rico. Tuvimos aproximadamente 100, 110 personas presenciales, 25 en Zoom. Creo que, a todas luces, es un \u00e9xito. Creo que hay muchas cosas por aprender, por mejorar. Hay muchas cosas que vamos a cambiar&nbsp;para Bah\u00eda Inglesa, as\u00ed que lo esperamos el pr\u00f3ximo a\u00f1o, en octubre\".<\/p>\n\n\n\n<p>\"Era necesaria esta instancia, el encontrarse cara a cara le da un contexto totalmente distinto a este tipo de actividades y nos permite unirnos m\u00e1s tambi\u00e9n como gremio, acercarnos m\u00e1s al resto de la comunidad odontol\u00f3gica\", afirm\u00f3 la <strong>Dra. P\u00eda Fuenzalida<\/strong>, presidenta Consejo Regional Copiap\u00f3, anfitriones de la jornada de 2023. \"Todo esto, m\u00e1s que un beneficio personal, es un beneficio para todos, para nuestros pacientes, para todos los que se ven favorecidos de todo lo que vamos aprendiendo en este tipo de actividades\", agreg\u00f3.<\/p>\n\n\n\n<p>La <strong>Dra. Patricia Pe\u00f1aloza<\/strong>, presidenta del Consejo Regional El Loa, destac\u00f3 el trabajo coordinado de los seis regionales: \"Hubo una uni\u00f3n, una sinergia s\u00faper linda entre todos los organizadores con la ayuda de todos los otros colaboradores, no solo de los presidentes. Toda la gente que se reuni\u00f3 hizo un trabajo intenso durante mucho tiempo. Fueron muchos meses de preparaci\u00f3n para el fruto que obtuvimos\".<\/p>\n\n\n\n<p>\"Fue realmente un \u00e9xito retomar esta actividad que se hizo pre pandemia y, como Regional Iquique, estamos muy orgullosos de lo conseguido. Agradecidos tambi\u00e9n de que haya venido el Honorable Consejo Nacional a hacer el cierre de esta actividad\", coment\u00f3 el presidente del Consejo Regional Iquique, <strong>Dr. Cristian Herrera<\/strong>.<\/p>\n\n\n\n<h4><strong>Trabajo con la Mesa Directiva Nacional<\/strong><\/h4>\n\n\n\n<p>Finalizados los tres d\u00edas de la III Jornada Macrozona Norte, las directivas organizadoras sostuvieron un almuerzo de trabajo con integrantes de la Mesa Directiva Nacional, el presidente nacional Dr. Marchant; la secretaria nacional, <strong>Dra. Patricia Cuevas<\/strong>; y el segundo vicepresidente, <strong>Dr. Vladimir Pizarro<\/strong>.<\/p>\n\n\n\n<p>\"Al finalizar la jornada tuvimos un almuerzo con la Mesa Directiva. Se aclararon varios puntos. Para nosotros es una instancia de acercamiento bastante importante porque tenemos realidades quiz\u00e1s muy parecidas y creo que llegamos a puntos en com\u00fan que van a favorecer que todos los regionales del norte podamos crecer en conjunto\", expres\u00f3 el presidente del Regional Antofagasta, <strong>Dr. Carlos Humeres<\/strong>.<\/p>\n\n\n\n<p>\"Tuvimos la oportunidad de poder compartir con las directivas de los cinco regionales para poder trabajar en conjunto y tirar los lineamientos que nos van a orientar tambi\u00e9n en cosas que vamos a ver en la Convenci\u00f3n Nacional pr\u00f3ximamente. Aprovechamos de repasar algunas de las cosas que hemos hecho pero tambi\u00e9n darle una importancia y una relevancia a lo que es el proceso de cambio de estatutos para mejorar la participaci\u00f3n de todas y todos los colegiados del pa\u00eds\", indic\u00f3 el presidente nacional, Dr. Marchant.<\/p>\n\n\n\n<h4><strong>Exposiciones, workshops y jornada cient\u00edfica<\/strong><\/h4>\n\n\n\n<p>La jornada cont\u00f3 con nueve expositores y cuatro workshops, a quienes agradecemos su participaci\u00f3n y con quienes esperamos continuar colaborando en nuevas actividades.<\/p>\n\n\n\n<p>Tambi\u00e9n damos las gracias a los sponsors de la Jornada, Megagen, 3M, Dicafe Import, Zimvie, Via Ossea Chile, Dentaid, Baradent, Laboratorio Kampar y Biohorizons Chile; y a los auspiciadores de los workshops, Ultradent, Indental, L\u00e1ser Odontol\u00f3gico Academy y FGM.<\/p>\n\n\n\n<p class=\"has-normal-font-size\"><strong>Exposiciones<\/strong><\/p>\n\n\n\n<ul><li><span style=\"text-decoration: underline;\">Dr. Jorge Aravena<\/span> <br>Odontolog\u00eda Restauradora Adhesiva directa e indirecta: Un enfoque biomim\u00e9tico conservador y aditivo<\/li><\/ul>\n\n\n\n<ul><li><span style=\"text-decoration: underline;\">Dr. Rodrigo Cabello<\/span> <br>La caries dental y esto del nuevo paradigma<\/li><\/ul>\n\n\n\n<ul><li><span style=\"text-decoration: underline;\">Dr. Rodrigo Casassus<\/span> <br>Los m\u00fasculos masticatorios: de villanos a h\u00e9roes, hacia un nuevo entendimiento en TTM<\/li><\/ul>\n\n\n\n<ul><li><span style=\"text-decoration: underline;\">Dr. Jorge Ferrada<\/span> <br>Charla Local | Levantamiento de seno maxilar con abordaje vertical; planificaci\u00f3n y decisiones cl\u00ednicas, t\u00e9cnicas quir\u00fargicas e instrumental<\/li><\/ul>\n\n\n\n<ul><li><span style=\"text-decoration: underline;\">Dra. Alejandra Jerez<\/span> <br>Charla Local | Adultos mayores promotores de la salud bucal<\/li><\/ul>\n\n\n\n<ul><li><span style=\"text-decoration: underline;\">Dr. Rodrigo Kaiser<\/span> <br>Flujo digital en carillas cer\u00e1micas, cirug\u00edas y rehabilitaci\u00f3n sobre implantes y dientes<\/li><\/ul>\n\n\n\n<ul><li><span style=\"text-decoration: underline;\">Dr. Claudio Melej<\/span> <br>Implantolog\u00eda, regeneraci\u00f3n \u00f3sea y cirug\u00eda guiada con enfoque periodontal conservador<\/li><\/ul>\n\n\n\n<ul><li><span style=\"text-decoration: underline;\">Dr. Igor Mi\u00f1o<\/span><br>Charla Local | Experiencia de Equipo de Cirug\u00eda Maxilofacial en Hospital Carlos Cisternas. Calama<\/li><\/ul>\n\n\n\n<ul><li><span style=\"text-decoration: underline;\">Dra. Silvia Monsalves<\/span> <br>Apoyo conductual en la atenci\u00f3n odontol\u00f3gica de pacientes que requieren cuidados especiales<\/li><\/ul>\n\n\n\n<hr class=\"wp-block-separator\"\/>\n\n\n\n<p class=\"has-normal-font-size\"><strong>Workshops<\/strong><\/p>\n\n\n\n<ul><li><span style=\"text-decoration: underline;\">Dr. Felipe Guti\u00e9rrez&nbsp;<\/span><br>Estratificaci\u00f3n paso a paso de restauraciones de resina compuesta anteriores, clase IV<br>Restauraci\u00f3n en sector posterior con resinas convencionales, bulk-fill y con efecto camale\u00f3n<\/li><\/ul>\n\n\n\n<ul><li><span style=\"text-decoration: underline;\">Dr. Jimmy Meza<\/span> <br>Hands On Sistema Uveneer para carillas directas <br>Hands On resinas compuestas en sector posterior<\/li><\/ul>\n\n\n\n<ul><li><span style=\"text-decoration: underline;\">Dr. Mart\u00edn Eugenio Rapi<\/span> <br>Introducci\u00f3n a la tecnolog\u00eda l\u00e1ser, sin dolor, sin anestesia, sin sangre<\/li><\/ul>\n\n\n\n<hr class=\"wp-block-separator\"\/>\n\n\n\n<h4><strong>Ganadores de la Jornada Cient\u00edfica<\/strong><\/h4>\n\n\n\n<p>La Jornada Cient\u00edfica, que cont\u00f3 con el auspicio de Biofot\u00f3nica, tuvo tres ganadores:<\/p>\n\n\n\n<p><span style=\"text-decoration: underline;\">Categor\u00eda Caso Cl\u00ednico<\/span> | Fernanda de la Fuente<strong><br><\/strong>Distracci\u00f3n segmentaria maxilar interna en pacientes con fisura labio palatina. Reporte de un caso<\/p>\n\n\n<a href=\"https:\/\/www.colegiodentistas.cl\/inicio\/wp-content\/uploads\/2022\/10\/distraccion-segmentaria-maxilar-interna-pacientes-fisura-labio-palatina-fernanda-de-la-fuente.pdf\" class=\"pdfemb-viewer\" style=\"\" data-width=\"max\" data-height=\"max\"  data-toolbar=\"both\" data-toolbar-fixed=\"on\">distraccion-segmentaria-maxilar-interna-pacientes-fisura-labio-palatina-fernanda-de-la-fuente<br\/><\/a>\n<p class=\"wp-block-pdfemb-pdf-embedder-viewer\"><\/p>\n\n\n\n<hr class=\"wp-block-separator\"\/>\n\n\n\n<p><span style=\"text-decoration: underline;\">Categor\u00eda Trabajo de Investigaci\u00f3n<\/span> | Carla Mayer<br>Distribuci\u00f3n de casos acumulados GES de salud oral en sistemas de salud p\u00fablico y privado. A\u00f1os 2012 \u2013 2021<\/p>\n\n\n<a href=\"https:\/\/www.colegiodentistas.cl\/inicio\/wp-content\/uploads\/2022\/10\/distribucion-casos-acumulados-ges-salud-oral-sistemas-publico-y-privado-2012-2021-carla-mayer.pdf\" class=\"pdfemb-viewer\" style=\"\" data-width=\"max\" data-height=\"max\"  data-toolbar=\"both\" data-toolbar-fixed=\"on\">distribucion-casos-acumulados-ges-salud-oral-sistemas-publico-y-privado-2012-2021-carla-mayer<br\/><\/a>\n<p class=\"wp-block-pdfemb-pdf-embedder-viewer\"><\/p>\n\n\n\n<hr class=\"wp-block-separator\"\/>\n\n\n\n<p><span style=\"text-decoration: underline;\">Categor\u00eda Revisi\u00f3n Bibliogr\u00e1fica<\/span> | Sebasti\u00e1n Pavez&nbsp;<br>MicroRNAs y peroimplantitis, una revisi\u00f3n de la literatura<\/p>\n\n\n\n<p><\/p>\n","protected":false},"excerpt":{"rendered":"<p>La III Jornada Macrozona Norte desarrollada los d\u00edas 6, 7 y 8 de octubre en Antofagasta fue calificada como un \u00e9xito por participantes y organizadores, que ya tienen definida la pr\u00f3xima sede del tradicional encuentro odontol\u00f3gico, Bah\u00eda Inglesa, balneario en la costa del Desierto de Atacama, en la regi\u00f3n hom\u00f3nima. &#8220;La III Jornada fue un \u00e9xito rotundo. Tuvo una cantidad de participaci\u00f3n impresionante, con t\u00f3picos bastante interesantes y bastante novedosos. Y paralelamente demostr\u00f3 el trabajo en conjunto de toda la Macrozona Norte&#8221;, resumi\u00f3 el presidente nacional del Colegio de Cirujano Dentistas de Chile A.G., Dr. Carlos Marchant, respecto de la [&hellip;]<\/p>\n","protected":false},"author":7,"featured_media":16569462,"comment_status":"open","ping_status":"open","sticky":false,"template":"","format":"standard","meta":[],"categories":[107,37,3],"tags":[218],"_links":{"self":[{"href":"https:\/\/www.colegiodentistas.cl\/inicio\/wp-json\/wp\/v2\/posts\/16537321"}],"collection":[{"href":"https:\/\/www.colegiodentistas.cl\/inicio\/wp-json\/wp\/v2\/posts"}],"about":[{"href":"https:\/\/www.colegiodentistas.cl\/inicio\/wp-json\/wp\/v2\/types\/post"}],"author":[{"embeddable":true,"href":"https:\/\/www.colegiodentistas.cl\/inicio\/wp-json\/wp\/v2\/users\/7"}],"replies":[{"embeddable":true,"href":"https:\/\/www.colegiodentistas.cl\/inicio\/wp-json\/wp\/v2\/comments?post=16537321"}],"version-history":[{"count":7,"href":"https:\/\/www.colegiodentistas.cl\/inicio\/wp-json\/wp\/v2\/posts\/16537321\/revisions"}],"predecessor-version":[{"id":17090804,"href":"https:\/\/www.colegiodentistas.cl\/inicio\/wp-json\/wp\/v2\/posts\/16537321\/revisions\/17090804"}],"wp:featuredmedia":[{"embeddable":true,"href":"https:\/\/www.colegiodentistas.cl\/inicio\/wp-json\/wp\/v2\/media\/16569462"}],"wp:attachment":[{"href":"https:\/\/www.colegiodentistas.cl\/inicio\/wp-json\/wp\/v2\/media?parent=16537321"}],"wp:term":[{"taxonomy":"category","embeddable":true,"href":"https:\/\/www.colegiodentistas.cl\/inicio\/wp-json\/wp\/v2\/categories?post=16537321"},{"taxonomy":"post_tag","embeddable":true,"href":"https:\/\/www.colegiodentistas.cl\/inicio\/wp-json\/wp\/v2\/tags?post=16537321"}],"curies":[{"name":"wp","href":"https:\/\/api.w.org\/{rel}","templated":true}]}}