{"id":15591014,"date":"2022-08-26T19:58:55","date_gmt":"2022-08-26T23:58:55","guid":{"rendered":"https:\/\/www.colegiodentistas.cl\/inicio\/?p=15591014"},"modified":"2022-10-03T12:55:57","modified_gmt":"2022-10-03T15:55:57","slug":"dirigenta-del-colegio-de-cirujano-dentistas-de-chile-fue-distinguida-en-la-conmemoracion-de-los-70-anos-del-servicio-nacional-de-salud","status":"publish","type":"post","link":"https:\/\/www.colegiodentistas.cl\/inicio\/2022\/08\/26\/dirigenta-del-colegio-de-cirujano-dentistas-de-chile-fue-distinguida-en-la-conmemoracion-de-los-70-anos-del-servicio-nacional-de-salud\/","title":{"rendered":"Dirigenta del Colegio de Cirujano Dentistas de Chile fue distinguida en la Conmemoraci\u00f3n de los 70 a\u00f1os del Servicio Nacional de Salud"},"content":{"rendered":"\n<p>La tesorera del Colegio Regional de Cirujano Dentistas de Valpara\u00edso, dra. Paulina Aguilera Mar\u00edn, fue distinguida este viernes por su destacada labor profesional como funcionaria del Servicio Nacional de Salud, que conmemor\u00f3 su aniversario n\u00famero 70 durante esta jornada, en una cita que organiz\u00f3 la Seremi de Salud de la Regi\u00f3n de Valpara\u00edso.<\/p>\n\n\n\n<p>El evento \u2013donde se destac\u00f3 a ocho funcionarios en servicio y jubilados\u2013 cont\u00f3 con la presencia de autoridades locales y nacionales, adem\u00e1s de distintas asociaciones gremiales representantes de diferentes estamentos de la salud y de una presentaci\u00f3n art\u00edstica realizada por las voces de la Escuela Popular de Canto Achupallas.<\/p>\n\n\n\n<p>Tras la distinci\u00f3n, y mientras recib\u00eda los saludos de distintas personas que estuvieron presentes en la ceremonia, la Dra. Aguilera confes\u00f3 con sorpresa y entre risas que ella \"andaba buscando a qui\u00e9n postular para esta distinci\u00f3n y resulta que me hab\u00edan mandado a m\u00ed\". Luego, agreg\u00f3 que \"las cosas se hacen porque uno las siente y no por reconocimiento, yo soy de ese estilo\", aunque admiti\u00f3 estar \"muy contenta\".<\/p>\n\n\n\n<div class=\"wp-block-image is-style-default\"><figure class=\"aligncenter size-large\"><img loading=\"lazy\" width=\"750\" height=\"500\" src=\"https:\/\/www.colegiodentistas.cl\/inicio\/wp-content\/uploads\/2022\/08\/Distincio\u0301n-Dra.-Paulina-Aguilera-Mari\u0301n-Servicio-Nacional-de-Salud-Coldent-2.jpg\" alt=\"\" class=\"wp-image-15592343\" srcset=\"https:\/\/www.colegiodentistas.cl\/inicio\/wp-content\/uploads\/2022\/08\/Distincio\u0301n-Dra.-Paulina-Aguilera-Mari\u0301n-Servicio-Nacional-de-Salud-Coldent-2.jpg 750w, https:\/\/www.colegiodentistas.cl\/inicio\/wp-content\/uploads\/2022\/08\/Distincio\u0301n-Dra.-Paulina-Aguilera-Mari\u0301n-Servicio-Nacional-de-Salud-Coldent-2-300x200.jpg 300w, https:\/\/www.colegiodentistas.cl\/inicio\/wp-content\/uploads\/2022\/08\/Distincio\u0301n-Dra.-Paulina-Aguilera-Mari\u0301n-Servicio-Nacional-de-Salud-Coldent-2-100x67.jpg 100w, https:\/\/www.colegiodentistas.cl\/inicio\/wp-content\/uploads\/2022\/08\/Distincio\u0301n-Dra.-Paulina-Aguilera-Mari\u0301n-Servicio-Nacional-de-Salud-Coldent-2-400x267.jpg 400w\" sizes=\"(max-width: 750px) 100vw, 750px\" \/><\/figure><\/div>\n\n\n\n<p>La Dra. Paulina Aguilera Mar\u00edn egres\u00f3 en 1964 de la Escuela de Odontolog\u00eda de la sede porte\u00f1a de la Universidad de Chile e inici\u00f3 su carrera profesional en el Servicio de Salud Valpara\u00edso-San Antonio, donde realiz\u00f3 consultas cl\u00ednicas durante varias d\u00e9cadas, en diferentes consultorios. Actualmente, es tesorera del Consejo Regional Valpara\u00edso del Colegio de Cirujano Dentistas de Chile A.G. y hace unos a\u00f1os recibi\u00f3 el premio al M\u00e9rito Gremial, luego de completar m\u00e1s de 50 a\u00f1os como colegiada.<\/p>\n\n\n\n<p>\"La doctora Aguilera es un referente en t\u00e9rminos de trabajo gremial y de preocupaci\u00f3n por la salud de todas y todos. Este reconocimiento es m\u00e1s que merecido y solo realza la calidad humana de nuestra destacada dirigente\u201d, dijo Dr. Carlos Pizarro Marchant, presidente nacional del Colegio de Cirujano Dentistas de Chile A.G.<\/p>\n\n\n\n<div class=\"wp-block-image is-style-default\"><figure class=\"aligncenter size-large\"><img loading=\"lazy\" width=\"750\" height=\"470\" src=\"https:\/\/www.colegiodentistas.cl\/inicio\/wp-content\/uploads\/2022\/08\/Dr.-Carlos-Marchant-Pizarro-Presidente-Nacional-Coldent.jpeg\" alt=\"\" class=\"wp-image-15592461\" srcset=\"https:\/\/www.colegiodentistas.cl\/inicio\/wp-content\/uploads\/2022\/08\/Dr.-Carlos-Marchant-Pizarro-Presidente-Nacional-Coldent.jpeg 750w, https:\/\/www.colegiodentistas.cl\/inicio\/wp-content\/uploads\/2022\/08\/Dr.-Carlos-Marchant-Pizarro-Presidente-Nacional-Coldent-300x188.jpeg 300w, https:\/\/www.colegiodentistas.cl\/inicio\/wp-content\/uploads\/2022\/08\/Dr.-Carlos-Marchant-Pizarro-Presidente-Nacional-Coldent-100x63.jpeg 100w, https:\/\/www.colegiodentistas.cl\/inicio\/wp-content\/uploads\/2022\/08\/Dr.-Carlos-Marchant-Pizarro-Presidente-Nacional-Coldent-400x251.jpeg 400w\" sizes=\"(max-width: 750px) 100vw, 750px\" \/><\/figure><\/div>\n\n\n\n<p>Por otro lado, el diputado y presidente de la Comisi\u00f3n Salud, Dr. Toma\u00e1s Lagomarsino, destac\u00f3 que \"conmemoramos los 70 a\u00f1os de la fundaci\u00f3n del Servicio Nacional de Salud, justamente en un lugar que fue parte de ese sistema y que hoy es el Cesfam del Cerro Bar\u00f3n. Este a\u00f1o, adem\u00e1s, es muy especial, ya que el presidente Boric ha presentado una reforma que en la Comisi\u00f3n de Salud de la C\u00e1mara de Diputados esperamos con ansias y con ganas de darle una discusi\u00f3n r\u00e1pida, por lo relevante que esto es para la ciudadan\u00eda\".<\/p>\n\n\n\n<p>En la misma l\u00ednea, el secretario regional ministerial de Salud de la Regi\u00f3n de Valpara\u00edso, Dr. Mario Parada Lezcano, valor\u00f3 la instancia realizada en el Cesfam porte\u00f1o para distinguir a los profesionales que han demostrado compromiso con la Salud a lo largo de los a\u00f1os, destacando que, personalmente, desea \u201cm\u00e1s equidad, m\u00e1s universalidad y m\u00e1s dignidad en la atenci\u00f3n de los servicios de Salud\u201d de nuestro pa\u00eds.<\/p>\n\n\n\n<div class=\"wp-block-image is-style-default\"><figure class=\"aligncenter size-large\"><img loading=\"lazy\" width=\"750\" height=\"500\" src=\"https:\/\/www.colegiodentistas.cl\/inicio\/wp-content\/uploads\/2022\/08\/Mario-Parada-Lezcano-y-Toma\u0301s-Lagomarsino-Conmemoracio\u0301n-aniversario-70-del-Servicio-Nacional-de-Salud.jpeg\" alt=\"\" class=\"wp-image-15592525\" srcset=\"https:\/\/www.colegiodentistas.cl\/inicio\/wp-content\/uploads\/2022\/08\/Mario-Parada-Lezcano-y-Toma\u0301s-Lagomarsino-Conmemoracio\u0301n-aniversario-70-del-Servicio-Nacional-de-Salud.jpeg 750w, https:\/\/www.colegiodentistas.cl\/inicio\/wp-content\/uploads\/2022\/08\/Mario-Parada-Lezcano-y-Toma\u0301s-Lagomarsino-Conmemoracio\u0301n-aniversario-70-del-Servicio-Nacional-de-Salud-300x200.jpeg 300w, https:\/\/www.colegiodentistas.cl\/inicio\/wp-content\/uploads\/2022\/08\/Mario-Parada-Lezcano-y-Toma\u0301s-Lagomarsino-Conmemoracio\u0301n-aniversario-70-del-Servicio-Nacional-de-Salud-100x67.jpeg 100w, https:\/\/www.colegiodentistas.cl\/inicio\/wp-content\/uploads\/2022\/08\/Mario-Parada-Lezcano-y-Toma\u0301s-Lagomarsino-Conmemoracio\u0301n-aniversario-70-del-Servicio-Nacional-de-Salud-400x267.jpeg 400w\" sizes=\"(max-width: 750px) 100vw, 750px\" \/><\/figure><\/div>\n","protected":false},"excerpt":{"rendered":"<p>La tesorera del Colegio Regional de Cirujano Dentistas de Valpara\u00edso, dra. Paulina Aguilera Mar\u00edn, fue distinguida este viernes por su destacada labor profesional como funcionaria del Servicio Nacional de Salud, que conmemor\u00f3 su aniversario n\u00famero 70 durante esta jornada, en una cita que organiz\u00f3 la Seremi de Salud de la Regi\u00f3n de Valpara\u00edso. El evento \u2013donde se destac\u00f3 a ocho funcionarios en servicio y jubilados\u2013 cont\u00f3 con la presencia de autoridades locales y nacionales, adem\u00e1s de distintas asociaciones gremiales representantes de diferentes estamentos de la salud y de una presentaci\u00f3n art\u00edstica realizada por las voces de la Escuela Popular de [&hellip;]<\/p>\n","protected":false},"author":7,"featured_media":15592146,"comment_status":"open","ping_status":"open","sticky":false,"template":"","format":"standard","meta":[],"categories":[2,3,40],"tags":[192,166,190,194,191,193],"_links":{"self":[{"href":"https:\/\/www.colegiodentistas.cl\/inicio\/wp-json\/wp\/v2\/posts\/15591014"}],"collection":[{"href":"https:\/\/www.colegiodentistas.cl\/inicio\/wp-json\/wp\/v2\/posts"}],"about":[{"href":"https:\/\/www.colegiodentistas.cl\/inicio\/wp-json\/wp\/v2\/types\/post"}],"author":[{"embeddable":true,"href":"https:\/\/www.colegiodentistas.cl\/inicio\/wp-json\/wp\/v2\/users\/7"}],"replies":[{"embeddable":true,"href":"https:\/\/www.colegiodentistas.cl\/inicio\/wp-json\/wp\/v2\/comments?post=15591014"}],"version-history":[{"count":4,"href":"https:\/\/www.colegiodentistas.cl\/inicio\/wp-json\/wp\/v2\/posts\/15591014\/revisions"}],"predecessor-version":[{"id":16329648,"href":"https:\/\/www.colegiodentistas.cl\/inicio\/wp-json\/wp\/v2\/posts\/15591014\/revisions\/16329648"}],"wp:featuredmedia":[{"embeddable":true,"href":"https:\/\/www.colegiodentistas.cl\/inicio\/wp-json\/wp\/v2\/media\/15592146"}],"wp:attachment":[{"href":"https:\/\/www.colegiodentistas.cl\/inicio\/wp-json\/wp\/v2\/media?parent=15591014"}],"wp:term":[{"taxonomy":"category","embeddable":true,"href":"https:\/\/www.colegiodentistas.cl\/inicio\/wp-json\/wp\/v2\/categories?post=15591014"},{"taxonomy":"post_tag","embeddable":true,"href":"https:\/\/www.colegiodentistas.cl\/inicio\/wp-json\/wp\/v2\/tags?post=15591014"}],"curies":[{"name":"wp","href":"https:\/\/api.w.org\/{rel}","templated":true}]}}