{"id":14184428,"date":"2022-05-30T18:28:40","date_gmt":"2022-05-30T22:28:40","guid":{"rendered":"https:\/\/www.colegiodentistas.cl\/inicio\/?p=14184428"},"modified":"2022-05-31T15:59:28","modified_gmt":"2022-05-31T19:59:28","slug":"dia-mundial-sin-tabaco-riesgos-y-consecuencias-de-fumar","status":"publish","type":"post","link":"https:\/\/www.colegiodentistas.cl\/inicio\/2022\/05\/30\/dia-mundial-sin-tabaco-riesgos-y-consecuencias-de-fumar\/","title":{"rendered":"D\u00eda Mundial sin Tabaco: riesgos y consecuencias de fumar"},"content":{"rendered":"\n<p>La Organizaci\u00f3n Mundial de la Salud (OMS) estableci\u00f3 el 31 de mayo como el D\u00eda Mundial sin Tabaco para llamar la atenci\u00f3n mundial hacia la epidemia de tabaquismo, los<strong> riesgos del consumo de tabaco para la salud oral y general de las personas<\/strong>.&nbsp;<\/p>\n\n\n\n<p>Los riesgos de fumar tabaco y, en general del consumo de distintas formas de tabaco (mascado, solo o mezclado con otros elementos), se relacionan con sus componentes carcinog\u00e9nicos. En la cavidad oral, <strong>los fumadores severos tienen siete veces m\u00e1s probabilidades de desarrollar c\u00e1ncer oral<\/strong>. Por ello, es clave la identificaci\u00f3n de lesiones precancerosas que realizan los dentistas para combatir esta enfermedad.<\/p>\n\n\n\n<p>Fumar tambi\u00e9n<strong> aumenta el riesgo de sufrir periodontitis cr\u00f3nica<\/strong> y deteriora la respuesta reparativa de los tejidos periodontales (enc\u00edas), lo que puede provocar la p\u00e9rdida de piezas dentales.<\/p>\n\n\n\n<hr class=\"wp-block-separator\"\/>\n\n\n\n<p><strong>El tabaco genera alteraciones en la salud bucal:&nbsp;<\/strong><\/p>\n\n\n\n<ul><li>Causa manchas en los dientes&nbsp;<\/li><\/ul>\n\n\n\n<ul><li>Favorece el desarrollo de caries dental<\/li><\/ul>\n\n\n\n<ul><li>Causa mal aliento<\/li><\/ul>\n\n\n\n<ul><li>Altera los sentidos del gusto y el olfato<\/li><\/ul>\n\n\n\n<ul><li>Favorece la aparici\u00f3n y el r\u00e1pido avance de la enfermedad periodontal con la posibilidad de p\u00e9rdidas dentarias<\/li><\/ul>\n\n\n\n<ul><li>Dificulta la cicatrizaci\u00f3n de cirug\u00edas, con mayor riesgo de infecciones<\/li><\/ul>\n\n\n\n<ul><li>Causa lesiones en los tejidos blandos, por ejemplo Leucoplasias, una lesi\u00f3n con riesgo de transformaci\u00f3n maligna<\/li><\/ul>\n\n\n\n<ul><li>Aumenta el riesgo de padecer c\u00e1ncer bucal<\/li><\/ul>\n\n\n\n<p>En nuestra salud general, el consumo de tabaco est\u00e1 vinculado a <strong>mayor riesgo de enfermedades cardiovasculares<\/strong> por sus m\u00faltiples componentes y la nicotina, que provoca efectos como <strong>aumento de presi\u00f3n arterial<\/strong>. Asimismo, aumenta el riesgo de fen\u00f3menos tromb\u00f3ticos, entre otras patolog\u00edas.<\/p>\n\n\n\n<hr class=\"wp-block-separator\"\/>\n\n\n\n<p class=\"has-medium-font-size\"><strong>2022: el tabaco envenena nuestro planeta<\/strong><\/p>\n\n\n\n<p>En la campa\u00f1a 2022, la Organizaci\u00f3n Mundial de la Salud (OMS) destaca que los efectos perjudiciales que las empresas tabacaleras causan al medio ambiente son enormes y van en aumento, lo que <strong>agrava innecesariamente la escasez de recursos y la fragilidad de los ecosistemas<\/strong>.<\/p>\n\n\n\n<p>El tabaco mata cada a\u00f1o a m\u00e1s de 8 millones de personas y destruye nuestro medio ambiente, perjudicando a\u00fan m\u00e1s la salud de las personas debido al cultivo, la fabricaci\u00f3n, la distribuci\u00f3n, el consumo y la eliminaci\u00f3n de los productos de tabaco.<\/p>\n\n\n\n<p>El cultivo, la fabricaci\u00f3n y el consumo de tabaco <strong>envenenan el agua, el suelo, las playas y las ciudades<\/strong> con productos qu\u00edmicos, residuos t\u00f3xicos, colillas, incluidos los micropl\u00e1sticos, y residuos de cigarrillos electr\u00f3nicos.<\/p>\n\n\n\n<p>El <strong>humo del tabaco contribuye a aumentar los niveles de contaminaci\u00f3n<\/strong> del aire y contiene tres tipos de gases de efecto invernadero.<\/p>\n\n\n\n<hr class=\"wp-block-separator\"\/>\n\n\n\n<div class=\"wp-block-image\"><figure class=\"aligncenter size-large is-resized\"><img loading=\"lazy\" src=\"https:\/\/www.colegiodentistas.cl\/inicio\/wp-content\/uploads\/2022\/05\/dia-mundial-sin-tabaco-2022-662x1024.png\" alt=\"\" class=\"wp-image-14195490\" width=\"662\" height=\"1024\" srcset=\"https:\/\/www.colegiodentistas.cl\/inicio\/wp-content\/uploads\/2022\/05\/dia-mundial-sin-tabaco-2022-662x1024.png 662w, https:\/\/www.colegiodentistas.cl\/inicio\/wp-content\/uploads\/2022\/05\/dia-mundial-sin-tabaco-2022-194x300.png 194w, https:\/\/www.colegiodentistas.cl\/inicio\/wp-content\/uploads\/2022\/05\/dia-mundial-sin-tabaco-2022-768x1188.png 768w, https:\/\/www.colegiodentistas.cl\/inicio\/wp-content\/uploads\/2022\/05\/dia-mundial-sin-tabaco-2022-65x100.png 65w, https:\/\/www.colegiodentistas.cl\/inicio\/wp-content\/uploads\/2022\/05\/dia-mundial-sin-tabaco-2022-400x619.png 400w, https:\/\/www.colegiodentistas.cl\/inicio\/wp-content\/uploads\/2022\/05\/dia-mundial-sin-tabaco-2022-323x500.png 323w, https:\/\/www.colegiodentistas.cl\/inicio\/wp-content\/uploads\/2022\/05\/dia-mundial-sin-tabaco-2022.png 800w\" sizes=\"(max-width: 662px) 100vw, 662px\" \/><\/figure><\/div>\n","protected":false},"excerpt":{"rendered":"<p>La Organizaci\u00f3n Mundial de la Salud (OMS) estableci\u00f3 el 31 de mayo como el D\u00eda Mundial sin Tabaco para llamar la atenci\u00f3n mundial hacia la epidemia de tabaquismo, los riesgos del consumo de tabaco para la salud oral y general de las personas.&nbsp; Los riesgos de fumar tabaco y, en general del consumo de distintas formas de tabaco (mascado, solo o mezclado con otros elementos), se relacionan con sus componentes carcinog\u00e9nicos. En la cavidad oral, los fumadores severos tienen siete veces m\u00e1s probabilidades de desarrollar c\u00e1ncer oral. Por ello, es clave la identificaci\u00f3n de lesiones precancerosas que realizan los dentistas [&hellip;]<\/p>\n","protected":false},"author":7,"featured_media":14185161,"comment_status":"open","ping_status":"open","sticky":false,"template":"","format":"standard","meta":[],"categories":[146,3],"tags":[],"_links":{"self":[{"href":"https:\/\/www.colegiodentistas.cl\/inicio\/wp-json\/wp\/v2\/posts\/14184428"}],"collection":[{"href":"https:\/\/www.colegiodentistas.cl\/inicio\/wp-json\/wp\/v2\/posts"}],"about":[{"href":"https:\/\/www.colegiodentistas.cl\/inicio\/wp-json\/wp\/v2\/types\/post"}],"author":[{"embeddable":true,"href":"https:\/\/www.colegiodentistas.cl\/inicio\/wp-json\/wp\/v2\/users\/7"}],"replies":[{"embeddable":true,"href":"https:\/\/www.colegiodentistas.cl\/inicio\/wp-json\/wp\/v2\/comments?post=14184428"}],"version-history":[{"count":4,"href":"https:\/\/www.colegiodentistas.cl\/inicio\/wp-json\/wp\/v2\/posts\/14184428\/revisions"}],"predecessor-version":[{"id":14199613,"href":"https:\/\/www.colegiodentistas.cl\/inicio\/wp-json\/wp\/v2\/posts\/14184428\/revisions\/14199613"}],"wp:featuredmedia":[{"embeddable":true,"href":"https:\/\/www.colegiodentistas.cl\/inicio\/wp-json\/wp\/v2\/media\/14185161"}],"wp:attachment":[{"href":"https:\/\/www.colegiodentistas.cl\/inicio\/wp-json\/wp\/v2\/media?parent=14184428"}],"wp:term":[{"taxonomy":"category","embeddable":true,"href":"https:\/\/www.colegiodentistas.cl\/inicio\/wp-json\/wp\/v2\/categories?post=14184428"},{"taxonomy":"post_tag","embeddable":true,"href":"https:\/\/www.colegiodentistas.cl\/inicio\/wp-json\/wp\/v2\/tags?post=14184428"}],"curies":[{"name":"wp","href":"https:\/\/api.w.org\/{rel}","templated":true}]}}