{"id":102,"date":"2016-01-02T23:35:15","date_gmt":"2016-01-02T23:35:15","guid":{"rendered":"http:\/\/www.colegiodentistas.cl\/inicio\/?p=102"},"modified":"2016-01-12T20:54:55","modified_gmt":"2016-01-12T20:54:55","slug":"curso-diagnostico-precoz-del-cancer-oral-cierre-de-inscripciones-y-nuevo-periodo","status":"publish","type":"post","link":"https:\/\/www.colegiodentistas.cl\/inicio\/2016\/01\/02\/curso-diagnostico-precoz-del-cancer-oral-cierre-de-inscripciones-y-nuevo-periodo\/","title":{"rendered":"Curso Diagn\u00f3stico Precoz del C\u00e1ncer Oral: cierre de inscripciones y nuevo periodo"},"content":{"rendered":"<div class=\"itemIntroText\">\n<p><em>Departamento Cient\u00edfico confirma la repetici\u00f3n de este exitoso programa de actualizaci\u00f3n profesional ofrecido a trav\u00e9s de E-Coldent.<\/em><\/p>\n<\/div>\n<p><!--more--><\/p>\n<div class=\"itemFullText\">\n<p>En la l\u00f3gica por brindar un servicio \u00f3ptimo a quienes han mostrado su intenci\u00f3n por inscribir el curso Diagn\u00f3stico Precoz del C\u00e1ncer Oral, y por razones t\u00e9cnicas que aseguren una eficaz entrega del curso, se ha determinado cerrar el proceso de inscripci\u00f3n de este programa.<\/p>\n<p>Esta decisi\u00f3n se ha tomado para asegurar un adecuado procedimiento de evaluaci\u00f3n y certificaci\u00f3n. No obstante lo anterior, y en consideraci\u00f3n a la positiva acogida por parte de la Comunidad Odontol\u00f3gica, se determin\u00f3 dictar este programa en una segunda instancia.<\/p>\n<p>\u201cHemos tenido un excelente nivel de respuesta, el que sin duda se entiende a partir de los contenidos del curso, su trascendencia y la calidad de los docentes. Por esta raz\u00f3n, y para asegurar que nadie se vea excluido, decidimos cerrar las inscripciones, para retomar un segundo periodo en marzo\u201d, indic\u00f3 el presidente del Departamento Cient\u00edfico, Dr. Luis Felipe Jim\u00e9nez.<\/p>\n<p>Finalmente, se aclara que las fechas del segundo periodo ser\u00e1n debidamente informadas una vez exista confirmaci\u00f3n oficial de parte de la coordinaci\u00f3n acad\u00e9mica de la plataforma E-Coldent.<\/p>\n<\/div>\n","protected":false},"excerpt":{"rendered":"<p>Departamento Cient\u00edfico confirma la repetici\u00f3n de este exitoso programa de actualizaci\u00f3n profesional ofrecido a trav\u00e9s de E-Coldent.<\/p>\n","protected":false},"author":1,"featured_media":103,"comment_status":"open","ping_status":"open","sticky":false,"template":"","format":"standard","meta":[],"categories":[2],"tags":[],"_links":{"self":[{"href":"https:\/\/www.colegiodentistas.cl\/inicio\/wp-json\/wp\/v2\/posts\/102"}],"collection":[{"href":"https:\/\/www.colegiodentistas.cl\/inicio\/wp-json\/wp\/v2\/posts"}],"about":[{"href":"https:\/\/www.colegiodentistas.cl\/inicio\/wp-json\/wp\/v2\/types\/post"}],"author":[{"embeddable":true,"href":"https:\/\/www.colegiodentistas.cl\/inicio\/wp-json\/wp\/v2\/users\/1"}],"replies":[{"embeddable":true,"href":"https:\/\/www.colegiodentistas.cl\/inicio\/wp-json\/wp\/v2\/comments?post=102"}],"version-history":[{"count":1,"href":"https:\/\/www.colegiodentistas.cl\/inicio\/wp-json\/wp\/v2\/posts\/102\/revisions"}],"predecessor-version":[{"id":104,"href":"https:\/\/www.colegiodentistas.cl\/inicio\/wp-json\/wp\/v2\/posts\/102\/revisions\/104"}],"wp:featuredmedia":[{"embeddable":true,"href":"https:\/\/www.colegiodentistas.cl\/inicio\/wp-json\/wp\/v2\/media\/103"}],"wp:attachment":[{"href":"https:\/\/www.colegiodentistas.cl\/inicio\/wp-json\/wp\/v2\/media?parent=102"}],"wp:term":[{"taxonomy":"category","embeddable":true,"href":"https:\/\/www.colegiodentistas.cl\/inicio\/wp-json\/wp\/v2\/categories?post=102"},{"taxonomy":"post_tag","embeddable":true,"href":"https:\/\/www.colegiodentistas.cl\/inicio\/wp-json\/wp\/v2\/tags?post=102"}],"curies":[{"name":"wp","href":"https:\/\/api.w.org\/{rel}","templated":true}]}}